{"id":1798,"date":"2023-02-17T10:38:49","date_gmt":"2023-02-17T09:38:49","guid":{"rendered":"https:\/\/www.dpg-goettingen.de\/?p=1798"},"modified":"2024-07-27T12:21:19","modified_gmt":"2024-07-27T11:21:19","slug":"hallo-auf-unserer-seite-mit-aktualisiertem-design","status":"publish","type":"post","link":"https:\/\/www.dpg-goettingen.de\/?p=1798","title":{"rendered":"Aktuelles aus der DPG G\u00f6ttingen"},"content":{"rendered":"\n<div class=\"wp-block-columns are-vertically-aligned-center is-layout-flex wp-container-5\">\n<div class=\"wp-block-column is-layout-flow\" style=\"flex-basis:35%\">\n<p>Der neue <a href=\"https:\/\/www.dpg-goettingen.de\/?page_id=561\">Rundbrief<\/a> f\u00fcr die zweite Jahresh\u00e4lfte 2024 ist raus. Au\u00dferdem finden Sie hier unsere Veranstaltungsank\u00fcndigungen:<\/p>\n\n\n\n<div class=\"wp-block-buttons is-layout-flex\">\n<div class=\"wp-block-button\"><a class=\"wp-block-button__link wp-element-button\" href=\"https:\/\/www.dpg-goettingen.de\/?page_id=505\" target=\"_blank\" rel=\"noreferrer noopener\">kommende Veranstaltungen<\/a><\/div>\n<\/div>\n\n\n\n<p><strong>Bist Du auch an Polen interessiert und m\u00f6chtest Dein Wissen \u00fcber dieses Land ausbauen oder etwas Neues anpacken?<\/strong><\/p>\n\n\n\n<p><strong>Du verf\u00fcgst \u00fcber Polen-Expertise und m\u00f6chtest Deine Kenntnisse einbringen, Dich mit anderen austauschen und Dein&nbsp;<\/strong><strong>Netzwerk erweitern?<\/strong><\/p>\n\n\n\n<p><strong>Deine Familie hat polnische Migrationsbez\u00fcge und Du m\u00f6chtest die Verbindung zum Land ausbauen und diese&nbsp;<\/strong><strong>Seite von Dir weiterentwickeln?<\/strong><\/p>\n\n\n\n<p><strong><a href=\"https:\/\/www.dpg-goettingen.de\/?page_id=474\">Werde Mitglied der Deutsch-Polnischen Gesellschaft G\u00f6ttingen e.V.<\/a><\/strong> und folge uns auch \u00fcber die sozialen Medien:<\/p>\n\n\n\n<ul class=\"wp-block-social-links is-layout-flex\"><li class=\"wp-social-link wp-social-link-facebook wp-block-social-link\"><a href=\"https:\/\/www.facebook.com\/DPGGoettingen\" class=\"wp-block-social-link-anchor\"><svg width=\"24\" height=\"24\" viewBox=\"0 0 24 24\" version=\"1.1\" xmlns=\"http:\/\/www.w3.org\/2000\/svg\" aria-hidden=\"true\" focusable=\"false\"><path d=\"M12 2C6.5 2 2 6.5 2 12c0 5 3.7 9.1 8.4 9.9v-7H7.9V12h2.5V9.8c0-2.5 1.5-3.9 3.8-3.9 1.1 0 2.2.2 2.2.2v2.5h-1.3c-1.2 0-1.6.8-1.6 1.6V12h2.8l-.4 2.9h-2.3v7C18.3 21.1 22 17 22 12c0-5.5-4.5-10-10-10z\"><\/path><\/svg><span class=\"wp-block-social-link-label screen-reader-text\">Facebook<\/span><\/a><\/li>\n\n<li class=\"wp-social-link wp-social-link-instagram wp-block-social-link\"><a href=\"https:\/\/www.instagram.com\/dpg_goettingen\" class=\"wp-block-social-link-anchor\"><svg width=\"24\" height=\"24\" viewBox=\"0 0 24 24\" version=\"1.1\" xmlns=\"http:\/\/www.w3.org\/2000\/svg\" aria-hidden=\"true\" focusable=\"false\"><path d=\"M12,4.622c2.403,0,2.688,0.009,3.637,0.052c0.877,0.04,1.354,0.187,1.671,0.31c0.42,0.163,0.72,0.358,1.035,0.673 c0.315,0.315,0.51,0.615,0.673,1.035c0.123,0.317,0.27,0.794,0.31,1.671c0.043,0.949,0.052,1.234,0.052,3.637 s-0.009,2.688-0.052,3.637c-0.04,0.877-0.187,1.354-0.31,1.671c-0.163,0.42-0.358,0.72-0.673,1.035 c-0.315,0.315-0.615,0.51-1.035,0.673c-0.317,0.123-0.794,0.27-1.671,0.31c-0.949,0.043-1.233,0.052-3.637,0.052 s-2.688-0.009-3.637-0.052c-0.877-0.04-1.354-0.187-1.671-0.31c-0.42-0.163-0.72-0.358-1.035-0.673 c-0.315-0.315-0.51-0.615-0.673-1.035c-0.123-0.317-0.27-0.794-0.31-1.671C4.631,14.688,4.622,14.403,4.622,12 s0.009-2.688,0.052-3.637c0.04-0.877,0.187-1.354,0.31-1.671c0.163-0.42,0.358-0.72,0.673-1.035 c0.315-0.315,0.615-0.51,1.035-0.673c0.317-0.123,0.794-0.27,1.671-0.31C9.312,4.631,9.597,4.622,12,4.622 M12,3 C9.556,3,9.249,3.01,8.289,3.054C7.331,3.098,6.677,3.25,6.105,3.472C5.513,3.702,5.011,4.01,4.511,4.511 c-0.5,0.5-0.808,1.002-1.038,1.594C3.25,6.677,3.098,7.331,3.054,8.289C3.01,9.249,3,9.556,3,12c0,2.444,0.01,2.751,0.054,3.711 c0.044,0.958,0.196,1.612,0.418,2.185c0.23,0.592,0.538,1.094,1.038,1.594c0.5,0.5,1.002,0.808,1.594,1.038 c0.572,0.222,1.227,0.375,2.185,0.418C9.249,20.99,9.556,21,12,21s2.751-0.01,3.711-0.054c0.958-0.044,1.612-0.196,2.185-0.418 c0.592-0.23,1.094-0.538,1.594-1.038c0.5-0.5,0.808-1.002,1.038-1.594c0.222-0.572,0.375-1.227,0.418-2.185 C20.99,14.751,21,14.444,21,12s-0.01-2.751-0.054-3.711c-0.044-0.958-0.196-1.612-0.418-2.185c-0.23-0.592-0.538-1.094-1.038-1.594 c-0.5-0.5-1.002-0.808-1.594-1.038c-0.572-0.222-1.227-0.375-2.185-0.418C14.751,3.01,14.444,3,12,3L12,3z M12,7.378 c-2.552,0-4.622,2.069-4.622,4.622S9.448,16.622,12,16.622s4.622-2.069,4.622-4.622S14.552,7.378,12,7.378z M12,15 c-1.657,0-3-1.343-3-3s1.343-3,3-3s3,1.343,3,3S13.657,15,12,15z M16.804,6.116c-0.596,0-1.08,0.484-1.08,1.08 s0.484,1.08,1.08,1.08c0.596,0,1.08-0.484,1.08-1.08S17.401,6.116,16.804,6.116z\"><\/path><\/svg><span class=\"wp-block-social-link-label screen-reader-text\">Instagram<\/span><\/a><\/li><\/ul>\n\n\n\n<p><\/p>\n\n\n\n<p><\/p>\n\n\n\n<h3 class=\"wp-block-heading\">Neueste Beitr\u00e4ge:<\/h3>\n<\/div>\n\n\n\n<div class=\"wp-block-column is-layout-flow\" style=\"flex-basis:65%\">\n<figure class=\"wp-block-image is-resized\"><img decoding=\"async\" loading=\"lazy\" src=\"https:\/\/www.dpg-goettingen.de\/wp-content\/uploads\/311217679_474554068052542_3190751931886117312_n-1024x724.jpg\" alt=\"\" class=\"wp-image-1759\" width=\"573\" height=\"405\" srcset=\"https:\/\/www.dpg-goettingen.de\/wp-content\/uploads\/311217679_474554068052542_3190751931886117312_n-1024x724.jpg 1024w, https:\/\/www.dpg-goettingen.de\/wp-content\/uploads\/311217679_474554068052542_3190751931886117312_n-300x212.jpg 300w, https:\/\/www.dpg-goettingen.de\/wp-content\/uploads\/311217679_474554068052542_3190751931886117312_n-768x543.jpg 768w, https:\/\/www.dpg-goettingen.de\/wp-content\/uploads\/311217679_474554068052542_3190751931886117312_n-1536x1086.jpg 1536w, https:\/\/www.dpg-goettingen.de\/wp-content\/uploads\/311217679_474554068052542_3190751931886117312_n.jpg 2048w\" sizes=\"(max-width: 573px) 100vw, 573px\" \/><\/figure>\n\n\n\n<figure class=\"wp-block-image is-resized\"><img decoding=\"async\" loading=\"lazy\" src=\"https:\/\/www.dpg-goettingen.de\/wp-content\/uploads\/GOeTTINGER-ANSICHTEN-22-984x1024.jpg\" alt=\"\" class=\"wp-image-2384\" width=\"572\" height=\"595\" srcset=\"https:\/\/www.dpg-goettingen.de\/wp-content\/uploads\/GOeTTINGER-ANSICHTEN-22-984x1024.jpg 984w, https:\/\/www.dpg-goettingen.de\/wp-content\/uploads\/GOeTTINGER-ANSICHTEN-22-288x300.jpg 288w, https:\/\/www.dpg-goettingen.de\/wp-content\/uploads\/GOeTTINGER-ANSICHTEN-22-768x800.jpg 768w, https:\/\/www.dpg-goettingen.de\/wp-content\/uploads\/GOeTTINGER-ANSICHTEN-22-1475x1536.jpg 1475w, https:\/\/www.dpg-goettingen.de\/wp-content\/uploads\/GOeTTINGER-ANSICHTEN-22-1967x2048.jpg 1967w\" sizes=\"(max-width: 572px) 100vw, 572px\" \/><\/figure>\n\n\n\n<p>Fotos: Stephan Beuermann, Klaudia Hanisch<\/p>\n<\/div>\n<\/div>\n\n\n<ul class=\"wp-block-latest-posts__list wp-block-latest-posts\"><li><a class=\"wp-block-latest-posts__post-title\" href=\"https:\/\/www.dpg-goettingen.de\/?p=3460\">Unterschreibe die Petition: Anerkennung, Verantwortung und unverz\u00fcgliche Unterst\u00fctzung der noch lebenden NS-Opfer in Polen<\/a><\/li>\n<li><a class=\"wp-block-latest-posts__post-title\" href=\"https:\/\/www.dpg-goettingen.de\/?p=3446\">Nachruf auf Rita S\u00fcssmuth: Europ\u00e4ische Verantwortung, deutsch-polnische Verbundenheit<\/a><\/li>\n<li><a class=\"wp-block-latest-posts__post-title\" href=\"https:\/\/www.dpg-goettingen.de\/?p=3382\">Zweite Jahresh\u00e4lfte 2025 &#8211; unsere Aktivit\u00e4ten<\/a><\/li>\n<li><a class=\"wp-block-latest-posts__post-title\" href=\"https:\/\/www.dpg-goettingen.de\/?p=3375\">Stipendienprogramm: Weihnachtsspendenaktion der DPG G\u00f6ttingen &#8211; es wird verdoppelt!<\/a><\/li>\n<li><a class=\"wp-block-latest-posts__post-title\" href=\"https:\/\/www.dpg-goettingen.de\/?p=3368\">Spendenaktion \u201eWeihnachten im Schuhkarton\u201c<\/a><\/li>\n<\/ul>\n\n<ul class=\"wp-block-archives-list wp-block-archives\">\t<li><a href='https:\/\/www.dpg-goettingen.de\/?m=202602'>Februar 2026<\/a><\/li>\n\t<li><a href='https:\/\/www.dpg-goettingen.de\/?m=202512'>Dezember 2025<\/a><\/li>\n\t<li><a href='https:\/\/www.dpg-goettingen.de\/?m=202511'>November 2025<\/a><\/li>\n\t<li><a href='https:\/\/www.dpg-goettingen.de\/?m=202507'>Juli 2025<\/a><\/li>\n\t<li><a href='https:\/\/www.dpg-goettingen.de\/?m=202412'>Dezember 2024<\/a><\/li>\n\t<li><a href='https:\/\/www.dpg-goettingen.de\/?m=202410'>Oktober 2024<\/a><\/li>\n\t<li><a href='https:\/\/www.dpg-goettingen.de\/?m=202409'>September 2024<\/a><\/li>\n\t<li><a href='https:\/\/www.dpg-goettingen.de\/?m=202407'>Juli 2024<\/a><\/li>\n\t<li><a href='https:\/\/www.dpg-goettingen.de\/?m=202406'>Juni 2024<\/a><\/li>\n\t<li><a href='https:\/\/www.dpg-goettingen.de\/?m=202403'>M\u00e4rz 2024<\/a><\/li>\n\t<li><a href='https:\/\/www.dpg-goettingen.de\/?m=202402'>Februar 2024<\/a><\/li>\n\t<li><a href='https:\/\/www.dpg-goettingen.de\/?m=202401'>Januar 2024<\/a><\/li>\n\t<li><a href='https:\/\/www.dpg-goettingen.de\/?m=202312'>Dezember 2023<\/a><\/li>\n\t<li><a href='https:\/\/www.dpg-goettingen.de\/?m=202311'>November 2023<\/a><\/li>\n\t<li><a href='https:\/\/www.dpg-goettingen.de\/?m=202310'>Oktober 2023<\/a><\/li>\n\t<li><a href='https:\/\/www.dpg-goettingen.de\/?m=202309'>September 2023<\/a><\/li>\n\t<li><a href='https:\/\/www.dpg-goettingen.de\/?m=202306'>Juni 2023<\/a><\/li>\n\t<li><a href='https:\/\/www.dpg-goettingen.de\/?m=202304'>April 2023<\/a><\/li>\n\t<li><a href='https:\/\/www.dpg-goettingen.de\/?m=202303'>M\u00e4rz 2023<\/a><\/li>\n\t<li><a href='https:\/\/www.dpg-goettingen.de\/?m=202302'>Februar 2023<\/a><\/li>\n<\/ul>","protected":false},"excerpt":{"rendered":"<p>Der neue Rundbrief f\u00fcr die zweite Jahresh\u00e4lfte 2024 ist raus. Au\u00dferdem finden Sie hier unsere Veranstaltungsank\u00fcndigungen: Bist Du auch an Polen interessiert und m\u00f6chtest Dein&hellip;<\/p>\n","protected":false},"author":9,"featured_media":2711,"comment_status":"open","ping_status":"open","sticky":false,"template":"","format":"standard","meta":[],"categories":[1],"tags":[],"_links":{"self":[{"href":"https:\/\/www.dpg-goettingen.de\/index.php?rest_route=\/wp\/v2\/posts\/1798"}],"collection":[{"href":"https:\/\/www.dpg-goettingen.de\/index.php?rest_route=\/wp\/v2\/posts"}],"about":[{"href":"https:\/\/www.dpg-goettingen.de\/index.php?rest_route=\/wp\/v2\/types\/post"}],"author":[{"embeddable":true,"href":"https:\/\/www.dpg-goettingen.de\/index.php?rest_route=\/wp\/v2\/users\/9"}],"replies":[{"embeddable":true,"href":"https:\/\/www.dpg-goettingen.de\/index.php?rest_route=%2Fwp%2Fv2%2Fcomments&post=1798"}],"version-history":[{"count":47,"href":"https:\/\/www.dpg-goettingen.de\/index.php?rest_route=\/wp\/v2\/posts\/1798\/revisions"}],"predecessor-version":[{"id":2918,"href":"https:\/\/www.dpg-goettingen.de\/index.php?rest_route=\/wp\/v2\/posts\/1798\/revisions\/2918"}],"wp:featuredmedia":[{"embeddable":true,"href":"https:\/\/www.dpg-goettingen.de\/index.php?rest_route=\/wp\/v2\/media\/2711"}],"wp:attachment":[{"href":"https:\/\/www.dpg-goettingen.de\/index.php?rest_route=%2Fwp%2Fv2%2Fmedia&parent=1798"}],"wp:term":[{"taxonomy":"category","embeddable":true,"href":"https:\/\/www.dpg-goettingen.de\/index.php?rest_route=%2Fwp%2Fv2%2Fcategories&post=1798"},{"taxonomy":"post_tag","embeddable":true,"href":"https:\/\/www.dpg-goettingen.de\/index.php?rest_route=%2Fwp%2Fv2%2Ftags&post=1798"}],"curies":[{"name":"wp","href":"https:\/\/api.w.org\/{rel}","templated":true}]}}