{"id":2300,"date":"2023-06-21T07:46:16","date_gmt":"2023-06-21T06:46:16","guid":{"rendered":"https:\/\/www.dpg-goettingen.de\/?p=2300"},"modified":"2023-06-22T07:56:40","modified_gmt":"2023-06-22T06:56:40","slug":"autorenlesung-die-vielen-tode-unseres-opas-jurek-mit-matthias-nawrat","status":"publish","type":"post","link":"https:\/\/www.dpg-goettingen.de\/?p=2300","title":{"rendered":"Autorenlesung \u201eDie vielen Tode unseres Opas Jurek\u201c mit Matthias Nawrat"},"content":{"rendered":"\n<p>Trotz einer dr\u00fcckenden Schw\u00fcle sind gestern Abend 32 Literaturfans zur Autorenlesung mit Matthias Nawrat gekommen. Es hat sich wie erwartet gelohnt. Das Buch &#8222;Die vielen Tode unseres Opas Jureks&#8220; befasst sich mit der Familiengeschichte des Autors. Um die oft grausamen Dinge, die den Protagonisten im Nationalsozialismus und w\u00e4hrend der kommunistischen Diktatur widerfahren, wiedergeben zu k\u00f6nnen, wurde die Erz\u00e4hlart des Schelmenromans gew\u00e4hlt. Ironie und Optimismus als \u00dcberlebensstrategie werden in dieser Familie gelebt und die Geschichten der Auseinandersetzung mit H\u00e4rten bekommen etwas Skurriles und Bizarres.<\/p>\n\n\n\n<p>In der lebhaften Diskussion mit dem Publikum wurde sich viel \u00fcber den vielschichtigen &#8222;Humor der Unterdr\u00fcckten&#8220;, wie es der Autor bezeichnete, ausgetauscht, \u00fcber die Hoffnung, die er spendet, \u00fcber den Unterschied zur Sprache der Diktaturen und dar\u00fcber, mit welchen Mitteln letztere versuchen, Gewalt zu verschleiern.<\/p>\n\n\n\n<p>Vielen Dank, lieber Matthias. Wir nehmen von diesem gemeinsamen Abend viel mit!<\/p>\n\n\n\n<p>Am Mittwoch, den 21. Juni 2023 liest Matthias Nawrat aus seinem Buch am G\u00f6ttinger Theodor-Heuss-Gymnasium.<\/p>\n\n\n\n<figure class=\"wp-block-gallery has-nested-images columns-default is-cropped wp-block-gallery-1 is-layout-flex\">\n<figure class=\"wp-block-image size-large\"><img decoding=\"async\" loading=\"lazy\" width=\"768\" height=\"1024\" data-id=\"2301\"  src=\"https:\/\/www.dpg-goettingen.de\/wp-content\/uploads\/354911184_631613429013271_4274489289216852395_n.jpg\" alt=\"\" class=\"wp-image-2301\" srcset=\"https:\/\/www.dpg-goettingen.de\/wp-content\/uploads\/354911184_631613429013271_4274489289216852395_n.jpg 768w, https:\/\/www.dpg-goettingen.de\/wp-content\/uploads\/354911184_631613429013271_4274489289216852395_n-225x300.jpg 225w\" sizes=\"(max-width: 768px) 100vw, 768px\" \/><\/figure>\n\n\n\n<figure class=\"wp-block-image size-large\"><img decoding=\"async\" loading=\"lazy\" width=\"1024\" height=\"768\" data-id=\"2303\"  src=\"https:\/\/www.dpg-goettingen.de\/wp-content\/uploads\/355166548_631613672346580_713028715059239689_n-1024x768.jpg\" alt=\"\" class=\"wp-image-2303\" srcset=\"https:\/\/www.dpg-goettingen.de\/wp-content\/uploads\/355166548_631613672346580_713028715059239689_n-1024x768.jpg 1024w, https:\/\/www.dpg-goettingen.de\/wp-content\/uploads\/355166548_631613672346580_713028715059239689_n-300x225.jpg 300w, https:\/\/www.dpg-goettingen.de\/wp-content\/uploads\/355166548_631613672346580_713028715059239689_n-768x576.jpg 768w, https:\/\/www.dpg-goettingen.de\/wp-content\/uploads\/355166548_631613672346580_713028715059239689_n-1536x1152.jpg 1536w, https:\/\/www.dpg-goettingen.de\/wp-content\/uploads\/355166548_631613672346580_713028715059239689_n.jpg 2048w\" sizes=\"(max-width: 1024px) 100vw, 1024px\" \/><\/figure>\n\n\n\n<figure class=\"wp-block-image size-large\"><img decoding=\"async\" loading=\"lazy\" width=\"768\" height=\"1024\" data-id=\"2308\"  src=\"https:\/\/www.dpg-goettingen.de\/wp-content\/uploads\/355309962_631613582346589_4130177633859124174_n-768x1024.jpg\" alt=\"\" class=\"wp-image-2308\" srcset=\"https:\/\/www.dpg-goettingen.de\/wp-content\/uploads\/355309962_631613582346589_4130177633859124174_n-768x1024.jpg 768w, https:\/\/www.dpg-goettingen.de\/wp-content\/uploads\/355309962_631613582346589_4130177633859124174_n-225x300.jpg 225w, https:\/\/www.dpg-goettingen.de\/wp-content\/uploads\/355309962_631613582346589_4130177633859124174_n-1152x1536.jpg 1152w, https:\/\/www.dpg-goettingen.de\/wp-content\/uploads\/355309962_631613582346589_4130177633859124174_n.jpg 1536w\" sizes=\"(max-width: 768px) 100vw, 768px\" \/><\/figure>\n\n\n\n<figure class=\"wp-block-image size-large\"><img decoding=\"async\" loading=\"lazy\" width=\"1024\" height=\"768\" data-id=\"2306\"  src=\"https:\/\/www.dpg-goettingen.de\/wp-content\/uploads\/355135321_631613475679933_2313233406154717138_n.jpg\" alt=\"\" class=\"wp-image-2306\" srcset=\"https:\/\/www.dpg-goettingen.de\/wp-content\/uploads\/355135321_631613475679933_2313233406154717138_n.jpg 1024w, https:\/\/www.dpg-goettingen.de\/wp-content\/uploads\/355135321_631613475679933_2313233406154717138_n-300x225.jpg 300w, https:\/\/www.dpg-goettingen.de\/wp-content\/uploads\/355135321_631613475679933_2313233406154717138_n-768x576.jpg 768w\" sizes=\"(max-width: 1024px) 100vw, 1024px\" \/><\/figure>\n\n\n\n<figure class=\"wp-block-image size-large\"><img decoding=\"async\" loading=\"lazy\" width=\"1024\" height=\"768\" data-id=\"2302\"  src=\"https:\/\/www.dpg-goettingen.de\/wp-content\/uploads\/355344563_631613445679936_6704381226849600926_n.jpg\" alt=\"\" class=\"wp-image-2302\" srcset=\"https:\/\/www.dpg-goettingen.de\/wp-content\/uploads\/355344563_631613445679936_6704381226849600926_n.jpg 1024w, https:\/\/www.dpg-goettingen.de\/wp-content\/uploads\/355344563_631613445679936_6704381226849600926_n-300x225.jpg 300w, https:\/\/www.dpg-goettingen.de\/wp-content\/uploads\/355344563_631613445679936_6704381226849600926_n-768x576.jpg 768w\" sizes=\"(max-width: 1024px) 100vw, 1024px\" \/><\/figure>\n\n\n\n<figure class=\"wp-block-image size-large\"><img decoding=\"async\" loading=\"lazy\" width=\"1024\" height=\"768\" data-id=\"2305\"  src=\"https:\/\/www.dpg-goettingen.de\/wp-content\/uploads\/355137127_631613642346583_3497665404870844009_n-1024x768.jpg\" alt=\"\" class=\"wp-image-2305\" srcset=\"https:\/\/www.dpg-goettingen.de\/wp-content\/uploads\/355137127_631613642346583_3497665404870844009_n-1024x768.jpg 1024w, https:\/\/www.dpg-goettingen.de\/wp-content\/uploads\/355137127_631613642346583_3497665404870844009_n-300x225.jpg 300w, https:\/\/www.dpg-goettingen.de\/wp-content\/uploads\/355137127_631613642346583_3497665404870844009_n-768x576.jpg 768w, https:\/\/www.dpg-goettingen.de\/wp-content\/uploads\/355137127_631613642346583_3497665404870844009_n-1536x1152.jpg 1536w, https:\/\/www.dpg-goettingen.de\/wp-content\/uploads\/355137127_631613642346583_3497665404870844009_n.jpg 2048w\" sizes=\"(max-width: 1024px) 100vw, 1024px\" \/><\/figure>\n\n\n\n<figure class=\"wp-block-image size-large\"><img decoding=\"async\" loading=\"lazy\" width=\"967\" height=\"1024\" data-id=\"2307\"  src=\"https:\/\/www.dpg-goettingen.de\/wp-content\/uploads\/355133695_631613605679920_7594565136433272354_n-967x1024.jpg\" alt=\"\" class=\"wp-image-2307\" srcset=\"https:\/\/www.dpg-goettingen.de\/wp-content\/uploads\/355133695_631613605679920_7594565136433272354_n-967x1024.jpg 967w, https:\/\/www.dpg-goettingen.de\/wp-content\/uploads\/355133695_631613605679920_7594565136433272354_n-283x300.jpg 283w, https:\/\/www.dpg-goettingen.de\/wp-content\/uploads\/355133695_631613605679920_7594565136433272354_n-768x813.jpg 768w, https:\/\/www.dpg-goettingen.de\/wp-content\/uploads\/355133695_631613605679920_7594565136433272354_n-1451x1536.jpg 1451w, https:\/\/www.dpg-goettingen.de\/wp-content\/uploads\/355133695_631613605679920_7594565136433272354_n.jpg 1934w\" sizes=\"(max-width: 967px) 100vw, 967px\" \/><\/figure>\n\n\n\n<figure class=\"wp-block-image size-large\"><img decoding=\"async\" loading=\"lazy\" width=\"961\" height=\"1024\" data-id=\"2304\"  src=\"https:\/\/www.dpg-goettingen.de\/wp-content\/uploads\/355496508_631613545679926_7528027266892970166_n-961x1024.jpg\" alt=\"\" class=\"wp-image-2304\" srcset=\"https:\/\/www.dpg-goettingen.de\/wp-content\/uploads\/355496508_631613545679926_7528027266892970166_n-961x1024.jpg 961w, https:\/\/www.dpg-goettingen.de\/wp-content\/uploads\/355496508_631613545679926_7528027266892970166_n-281x300.jpg 281w, https:\/\/www.dpg-goettingen.de\/wp-content\/uploads\/355496508_631613545679926_7528027266892970166_n-768x819.jpg 768w, https:\/\/www.dpg-goettingen.de\/wp-content\/uploads\/355496508_631613545679926_7528027266892970166_n-1441x1536.jpg 1441w, https:\/\/www.dpg-goettingen.de\/wp-content\/uploads\/355496508_631613545679926_7528027266892970166_n.jpg 1921w\" sizes=\"(max-width: 961px) 100vw, 961px\" \/><\/figure>\n<\/figure>\n\n\n\n<p>***<\/p>\n\n\n\n<p>Mit Matthias Nawrat haben wir einen 1979 in Oppeln geborenen und heute in Berlin lebenden Schriftsteller zu Gast, der bereits auf einige Auszeichnungen zur\u00fcckblicken kann.<\/p>\n\n\n\n<p>Der Roman \u201eDie vielen Tode unseres Opa Jurek\u201c unternimmt es, in 32 Episoden die ganze Geschichte Polens, insbesondere des zwanzigsten Jahrhunderts, anhand des titelgebenden Opas Jurek und seiner Familie zu erz\u00e4hlen. <\/p>\n\n\n\n<p>Schriftstellerkollege Artur Becker, der auch schon Gast unserer Gesellschaft war, bezeichnete den Roman in seiner Rezension f\u00fcr die Frankfurter Rundschau als nahezu \u201eperfekt\u201c, wenn die Enkel am Grab des Opa Jurek dessen Zeit in Auschwitz, die R\u00fcckkehr nach Oppeln, das \u00dcberleben im Kommunismus und den Mauerfall erinnern.<\/p>\n\n\n\n<figure class=\"wp-block-gallery has-nested-images columns-default is-cropped wp-block-gallery-3 is-layout-flex\">\n<figure class=\"wp-block-image size-large\"><img decoding=\"async\" loading=\"lazy\" width=\"768\" height=\"1024\" data-id=\"2314\"  src=\"https:\/\/www.dpg-goettingen.de\/wp-content\/uploads\/photo_5233213695520262163_y.jpg\" alt=\"\" class=\"wp-image-2314\" srcset=\"https:\/\/www.dpg-goettingen.de\/wp-content\/uploads\/photo_5233213695520262163_y.jpg 768w, https:\/\/www.dpg-goettingen.de\/wp-content\/uploads\/photo_5233213695520262163_y-225x300.jpg 225w\" sizes=\"(max-width: 768px) 100vw, 768px\" \/><\/figure>\n\n\n\n<figure class=\"wp-block-image size-large\"><img decoding=\"async\" loading=\"lazy\" width=\"768\" height=\"1024\" data-id=\"2315\"  src=\"https:\/\/www.dpg-goettingen.de\/wp-content\/uploads\/photo_5233213695520262162_y.jpg\" alt=\"\" class=\"wp-image-2315\" srcset=\"https:\/\/www.dpg-goettingen.de\/wp-content\/uploads\/photo_5233213695520262162_y.jpg 768w, https:\/\/www.dpg-goettingen.de\/wp-content\/uploads\/photo_5233213695520262162_y-225x300.jpg 225w\" sizes=\"(max-width: 768px) 100vw, 768px\" \/><\/figure>\n<\/figure>\n\n\n\n<p>Matthias Nawrat am G\u00f6ttinger Theodor-Heuss Gymnasium am 21. Juni 2023.<\/p>\n","protected":false},"excerpt":{"rendered":"<p>Trotz einer dr\u00fcckenden Schw\u00fcle sind gestern Abend 32 Literaturfans zur Autorenlesung mit Matthias Nawrat gekommen. Es hat sich wie erwartet gelohnt. Das Buch &#8222;Die vielen&hellip;<\/p>\n","protected":false},"author":9,"featured_media":2296,"comment_status":"open","ping_status":"open","sticky":false,"template":"","format":"standard","meta":[],"categories":[1],"tags":[],"_links":{"self":[{"href":"https:\/\/www.dpg-goettingen.de\/index.php?rest_route=\/wp\/v2\/posts\/2300"}],"collection":[{"href":"https:\/\/www.dpg-goettingen.de\/index.php?rest_route=\/wp\/v2\/posts"}],"about":[{"href":"https:\/\/www.dpg-goettingen.de\/index.php?rest_route=\/wp\/v2\/types\/post"}],"author":[{"embeddable":true,"href":"https:\/\/www.dpg-goettingen.de\/index.php?rest_route=\/wp\/v2\/users\/9"}],"replies":[{"embeddable":true,"href":"https:\/\/www.dpg-goettingen.de\/index.php?rest_route=%2Fwp%2Fv2%2Fcomments&post=2300"}],"version-history":[{"count":3,"href":"https:\/\/www.dpg-goettingen.de\/index.php?rest_route=\/wp\/v2\/posts\/2300\/revisions"}],"predecessor-version":[{"id":2317,"href":"https:\/\/www.dpg-goettingen.de\/index.php?rest_route=\/wp\/v2\/posts\/2300\/revisions\/2317"}],"wp:featuredmedia":[{"embeddable":true,"href":"https:\/\/www.dpg-goettingen.de\/index.php?rest_route=\/wp\/v2\/media\/2296"}],"wp:attachment":[{"href":"https:\/\/www.dpg-goettingen.de\/index.php?rest_route=%2Fwp%2Fv2%2Fmedia&parent=2300"}],"wp:term":[{"taxonomy":"category","embeddable":true,"href":"https:\/\/www.dpg-goettingen.de\/index.php?rest_route=%2Fwp%2Fv2%2Fcategories&post=2300"},{"taxonomy":"post_tag","embeddable":true,"href":"https:\/\/www.dpg-goettingen.de\/index.php?rest_route=%2Fwp%2Fv2%2Ftags&post=2300"}],"curies":[{"name":"wp","href":"https:\/\/api.w.org\/{rel}","templated":true}]}}