{"id":2392,"date":"2023-09-15T11:07:08","date_gmt":"2023-09-15T10:07:08","guid":{"rendered":"https:\/\/www.dpg-goettingen.de\/?p=2392"},"modified":"2023-09-15T11:07:09","modified_gmt":"2023-09-15T10:07:09","slug":"filmvorfuehrung-schlesiens-wilder-westen-und-gespraech-mit-ute-badura","status":"publish","type":"post","link":"https:\/\/www.dpg-goettingen.de\/?p=2392","title":{"rendered":"Filmvorf\u00fchrung &#8222;Schlesiens Wilder Westen&#8220; und Gespr\u00e4ch mit Ute Badura"},"content":{"rendered":"\n<p>Volles Haus gestern bei der Filmvorf\u00fchrung und Diskussion im wundersch\u00f6nen Saal des Kinos M\u00e9li\u00e9s. Auch 20 Jahre nach der Erstausstrahlung hat der Dokumentarfilm &#8222;Schlesiens Wilder Westen&#8220; nichts von seiner Aktualit\u00e4t verloren.<\/p>\n\n\n\n<p>Der Filmemacherin Ute Badura ist ein beeindruckend vers\u00f6hnlicher Film gelungen, der gleichzeitig nichts besch\u00f6nigt. Die liebevoll gezeigten und oft schon \u00e4lteren Protagonisten und Protagonistinnen mit unterschiedlicher Herkunft und materiellem Status <a><\/a>legen ihre Zeugnisse \u00fcber das Erlebte ab. So gibt die Filmautorin ihnen allein die Stimme, die Geschichte Ostmitteleuropas &#8211; vom Krieg, Zwangsarbeit, Umsiedlung und Vertreibung, aber auch von sch\u00f6nen Momenten der Kindheit, dem Wert des Zuhauses und des Dazugeh\u00f6rens &#8211; nachzuerz\u00e4hlen und es lohnt sich definitiv, genau zuzuh\u00f6ren. Zusammen mit den Bildern wirken die Geschichten bei den Kinobesuchenden bestimmt noch lange nach.<\/p>\n\n\n\n<p>Herzlichen Dank an das Team des <a href=\"https:\/\/www.facebook.com\/MuseumFriedland?__cft__[0]=AZVc1pGAZknf-ZtV2t2126EjdV5SM9hHCXrr8_Bm3JytJTVXU-b_N1QJDY4AtuhPm3yAs_zmaUqSkn6cxfFuq_I9ivak7moj2DQYSKf0kYVVEuU0h-uaBwhnFvptfVLmGPc3VSQjysQ3U_albMKK0OGquWu0QKby4r-zRZ17u8MpolMU8LCdEOJg26oc3SGARcU&amp;__tn__=-]K-R\">Museum Friedland<\/a> f\u00fcr die gelungene Kooperation!<\/p>\n\n\n\n<p>Fotos: Klaudia Hanisch<\/p>\n\n\n\n<figure class=\"wp-block-gallery has-nested-images columns-default is-cropped wp-block-gallery-1 is-layout-flex\">\n<figure class=\"wp-block-image size-large\"><img decoding=\"async\" loading=\"lazy\" width=\"1024\" height=\"779\" data-id=\"2394\"  src=\"https:\/\/www.dpg-goettingen.de\/wp-content\/uploads\/20230914_213301-1024x779.jpg\" alt=\"\" class=\"wp-image-2394\" srcset=\"https:\/\/www.dpg-goettingen.de\/wp-content\/uploads\/20230914_213301-1024x779.jpg 1024w, https:\/\/www.dpg-goettingen.de\/wp-content\/uploads\/20230914_213301-300x228.jpg 300w, https:\/\/www.dpg-goettingen.de\/wp-content\/uploads\/20230914_213301-768x584.jpg 768w, https:\/\/www.dpg-goettingen.de\/wp-content\/uploads\/20230914_213301-1536x1168.jpg 1536w, https:\/\/www.dpg-goettingen.de\/wp-content\/uploads\/20230914_213301-2048x1558.jpg 2048w\" sizes=\"(max-width: 1024px) 100vw, 1024px\" \/><\/figure>\n\n\n\n<figure class=\"wp-block-image size-large\"><img decoding=\"async\" loading=\"lazy\" width=\"1024\" height=\"768\" data-id=\"2398\"  src=\"https:\/\/www.dpg-goettingen.de\/wp-content\/uploads\/20230914_194400-1024x768.jpg\" alt=\"\" class=\"wp-image-2398\" srcset=\"https:\/\/www.dpg-goettingen.de\/wp-content\/uploads\/20230914_194400-1024x768.jpg 1024w, https:\/\/www.dpg-goettingen.de\/wp-content\/uploads\/20230914_194400-300x225.jpg 300w, https:\/\/www.dpg-goettingen.de\/wp-content\/uploads\/20230914_194400-768x576.jpg 768w, https:\/\/www.dpg-goettingen.de\/wp-content\/uploads\/20230914_194400-1536x1152.jpg 1536w, https:\/\/www.dpg-goettingen.de\/wp-content\/uploads\/20230914_194400-2048x1536.jpg 2048w\" sizes=\"(max-width: 1024px) 100vw, 1024px\" \/><\/figure>\n\n\n\n<figure class=\"wp-block-image size-large\"><img decoding=\"async\" loading=\"lazy\" width=\"1024\" height=\"768\" data-id=\"2401\"  src=\"https:\/\/www.dpg-goettingen.de\/wp-content\/uploads\/20230914_213424-1024x768.jpg\" alt=\"\" class=\"wp-image-2401\" srcset=\"https:\/\/www.dpg-goettingen.de\/wp-content\/uploads\/20230914_213424-1024x768.jpg 1024w, https:\/\/www.dpg-goettingen.de\/wp-content\/uploads\/20230914_213424-300x225.jpg 300w, https:\/\/www.dpg-goettingen.de\/wp-content\/uploads\/20230914_213424-768x576.jpg 768w, https:\/\/www.dpg-goettingen.de\/wp-content\/uploads\/20230914_213424-1536x1152.jpg 1536w, https:\/\/www.dpg-goettingen.de\/wp-content\/uploads\/20230914_213424-2048x1536.jpg 2048w\" sizes=\"(max-width: 1024px) 100vw, 1024px\" \/><\/figure>\n\n\n\n<figure class=\"wp-block-image size-large\"><img decoding=\"async\" loading=\"lazy\" width=\"1024\" height=\"768\" data-id=\"2395\"  src=\"https:\/\/www.dpg-goettingen.de\/wp-content\/uploads\/20230914_214150-1024x768.jpg\" alt=\"\" class=\"wp-image-2395\" srcset=\"https:\/\/www.dpg-goettingen.de\/wp-content\/uploads\/20230914_214150-1024x768.jpg 1024w, https:\/\/www.dpg-goettingen.de\/wp-content\/uploads\/20230914_214150-300x225.jpg 300w, https:\/\/www.dpg-goettingen.de\/wp-content\/uploads\/20230914_214150-768x576.jpg 768w, https:\/\/www.dpg-goettingen.de\/wp-content\/uploads\/20230914_214150-1536x1152.jpg 1536w, https:\/\/www.dpg-goettingen.de\/wp-content\/uploads\/20230914_214150-2048x1536.jpg 2048w\" sizes=\"(max-width: 1024px) 100vw, 1024px\" \/><\/figure>\n\n\n\n<figure class=\"wp-block-image size-large\"><img decoding=\"async\" loading=\"lazy\" width=\"1024\" height=\"768\" data-id=\"2399\"  src=\"https:\/\/www.dpg-goettingen.de\/wp-content\/uploads\/20230914_212514-1024x768.jpg\" alt=\"\" class=\"wp-image-2399\" srcset=\"https:\/\/www.dpg-goettingen.de\/wp-content\/uploads\/20230914_212514-1024x768.jpg 1024w, https:\/\/www.dpg-goettingen.de\/wp-content\/uploads\/20230914_212514-300x225.jpg 300w, https:\/\/www.dpg-goettingen.de\/wp-content\/uploads\/20230914_212514-768x576.jpg 768w, https:\/\/www.dpg-goettingen.de\/wp-content\/uploads\/20230914_212514-1536x1152.jpg 1536w, https:\/\/www.dpg-goettingen.de\/wp-content\/uploads\/20230914_212514-2048x1536.jpg 2048w\" sizes=\"(max-width: 1024px) 100vw, 1024px\" \/><\/figure>\n\n\n\n<figure class=\"wp-block-image size-large\"><img decoding=\"async\" loading=\"lazy\" width=\"1024\" height=\"768\" data-id=\"2400\"  src=\"https:\/\/www.dpg-goettingen.de\/wp-content\/uploads\/20230914_194100-1024x768.jpg\" alt=\"\" class=\"wp-image-2400\" srcset=\"https:\/\/www.dpg-goettingen.de\/wp-content\/uploads\/20230914_194100-1024x768.jpg 1024w, https:\/\/www.dpg-goettingen.de\/wp-content\/uploads\/20230914_194100-300x225.jpg 300w, https:\/\/www.dpg-goettingen.de\/wp-content\/uploads\/20230914_194100-768x576.jpg 768w, https:\/\/www.dpg-goettingen.de\/wp-content\/uploads\/20230914_194100-1536x1152.jpg 1536w, https:\/\/www.dpg-goettingen.de\/wp-content\/uploads\/20230914_194100-2048x1536.jpg 2048w\" sizes=\"(max-width: 1024px) 100vw, 1024px\" \/><\/figure>\n<\/figure>\n","protected":false},"excerpt":{"rendered":"<p>Volles Haus gestern bei der Filmvorf\u00fchrung und Diskussion im wundersch\u00f6nen Saal des Kinos M\u00e9li\u00e9s. Auch 20 Jahre nach der Erstausstrahlung hat der Dokumentarfilm &#8222;Schlesiens Wilder&hellip;<\/p>\n","protected":false},"author":9,"featured_media":2393,"comment_status":"open","ping_status":"open","sticky":false,"template":"","format":"standard","meta":[],"categories":[1],"tags":[],"_links":{"self":[{"href":"https:\/\/www.dpg-goettingen.de\/index.php?rest_route=\/wp\/v2\/posts\/2392"}],"collection":[{"href":"https:\/\/www.dpg-goettingen.de\/index.php?rest_route=\/wp\/v2\/posts"}],"about":[{"href":"https:\/\/www.dpg-goettingen.de\/index.php?rest_route=\/wp\/v2\/types\/post"}],"author":[{"embeddable":true,"href":"https:\/\/www.dpg-goettingen.de\/index.php?rest_route=\/wp\/v2\/users\/9"}],"replies":[{"embeddable":true,"href":"https:\/\/www.dpg-goettingen.de\/index.php?rest_route=%2Fwp%2Fv2%2Fcomments&post=2392"}],"version-history":[{"count":1,"href":"https:\/\/www.dpg-goettingen.de\/index.php?rest_route=\/wp\/v2\/posts\/2392\/revisions"}],"predecessor-version":[{"id":2402,"href":"https:\/\/www.dpg-goettingen.de\/index.php?rest_route=\/wp\/v2\/posts\/2392\/revisions\/2402"}],"wp:featuredmedia":[{"embeddable":true,"href":"https:\/\/www.dpg-goettingen.de\/index.php?rest_route=\/wp\/v2\/media\/2393"}],"wp:attachment":[{"href":"https:\/\/www.dpg-goettingen.de\/index.php?rest_route=%2Fwp%2Fv2%2Fmedia&parent=2392"}],"wp:term":[{"taxonomy":"category","embeddable":true,"href":"https:\/\/www.dpg-goettingen.de\/index.php?rest_route=%2Fwp%2Fv2%2Fcategories&post=2392"},{"taxonomy":"post_tag","embeddable":true,"href":"https:\/\/www.dpg-goettingen.de\/index.php?rest_route=%2Fwp%2Fv2%2Ftags&post=2392"}],"curies":[{"name":"wp","href":"https:\/\/api.w.org\/{rel}","templated":true}]}}