{"id":2517,"date":"2023-12-05T08:42:00","date_gmt":"2023-12-05T07:42:00","guid":{"rendered":"https:\/\/www.dpg-goettingen.de\/?p=2517"},"modified":"2023-12-05T08:45:11","modified_gmt":"2023-12-05T07:45:11","slug":"besinnliche-adventsbegegnung-mit-der-goettinger-polonika-2023","status":"publish","type":"post","link":"https:\/\/www.dpg-goettingen.de\/?p=2517","title":{"rendered":"Besinnliche Adventsbegegnung mit der G\u00f6ttinger Polonika 2023"},"content":{"rendered":"\n<p>Unsere besinnliche Adventsbegegnung mit Polonika 2023. Dieses Mal hat es sogar daf\u00fcr p\u00fcnktlich geschneit. <\/p>\n\n\n\n<p>Bo\u017cena Lucia Ammermann und Harm Adam, Vorsitzende des polnischen Kulturvereins Polonika beziehungsweise der DPG G\u00f6ttingen, konnten gut 50 Personen zur traditionellen Adventsbegegnung der beiden Vereine im Gemeindesaal der Corvinus-Kirchengemeinde begr\u00fc\u00dfen.<\/p>\n\n\n\n<p>Den Abend leitete der von Dorota Dobosz initiierte und geleitete Deutsch-Polnische Projekt Chor mit stimmungsvollen Beitr\u00e4gen ein.<br \/>Gra\u017cyna Ficner und Diakon Wolfgang Ziehe beschrieben deutsche und polnische Weihnachtsbr\u00e4uche mit Gedichten und nachdenklich stimmenden Weihnachtsgeschichten.<\/p>\n\n\n\n<p>Gut zwei Stunden vergingen wie im Flug, die von dem gemeinsamen Adventssingen und dem traditionellen Oblatenbrechen abgerundet wurden.<\/p>\n\n\n\n<blockquote class=\"wp-block-quote\">\n<p>Wir m\u00f6chten Ihnen und Euch herzliche W\u00fcnsche \u00fcbermitteln. M\u00f6ge diese Zeit f\u00fcr Sie alle erf\u00fcllt sein mit Momenten der Ruhe, des Friedens und der Freude. M\u00f6gen die Lichter des Advents W\u00e4rme in die Herzen bringen und die Br\u00fccke der Freundschaft weiter st\u00e4rken. Frohe Adventstage und eine zauberhafte Vorweihnachtszeit!<\/p>\n<\/blockquote>\n\n\n\n<figure class=\"wp-block-gallery has-nested-images columns-default is-cropped wp-block-gallery-1 is-layout-flex\">\n<figure class=\"wp-block-image size-large\"><img decoding=\"async\" loading=\"lazy\" width=\"1024\" height=\"768\" data-id=\"2524\"  src=\"https:\/\/www.dpg-goettingen.de\/wp-content\/uploads\/photo_5438584716488986566_y.jpg\" alt=\"\" class=\"wp-image-2524\" srcset=\"https:\/\/www.dpg-goettingen.de\/wp-content\/uploads\/photo_5438584716488986566_y.jpg 1024w, https:\/\/www.dpg-goettingen.de\/wp-content\/uploads\/photo_5438584716488986566_y-300x225.jpg 300w, https:\/\/www.dpg-goettingen.de\/wp-content\/uploads\/photo_5438584716488986566_y-768x576.jpg 768w\" sizes=\"(max-width: 1024px) 100vw, 1024px\" \/><\/figure>\n\n\n\n<figure class=\"wp-block-image size-large\"><img decoding=\"async\" loading=\"lazy\" width=\"1024\" height=\"768\" data-id=\"2522\"  src=\"https:\/\/www.dpg-goettingen.de\/wp-content\/uploads\/photo_5438584716488986576_y.jpg\" alt=\"\" class=\"wp-image-2522\" srcset=\"https:\/\/www.dpg-goettingen.de\/wp-content\/uploads\/photo_5438584716488986576_y.jpg 1024w, https:\/\/www.dpg-goettingen.de\/wp-content\/uploads\/photo_5438584716488986576_y-300x225.jpg 300w, https:\/\/www.dpg-goettingen.de\/wp-content\/uploads\/photo_5438584716488986576_y-768x576.jpg 768w\" sizes=\"(max-width: 1024px) 100vw, 1024px\" \/><\/figure>\n\n\n\n<figure class=\"wp-block-image size-large\"><img decoding=\"async\" loading=\"lazy\" width=\"1024\" height=\"768\" data-id=\"2521\"  src=\"https:\/\/www.dpg-goettingen.de\/wp-content\/uploads\/photo_5438584716488986573_y.jpg\" alt=\"\" class=\"wp-image-2521\" srcset=\"https:\/\/www.dpg-goettingen.de\/wp-content\/uploads\/photo_5438584716488986573_y.jpg 1024w, https:\/\/www.dpg-goettingen.de\/wp-content\/uploads\/photo_5438584716488986573_y-300x225.jpg 300w, https:\/\/www.dpg-goettingen.de\/wp-content\/uploads\/photo_5438584716488986573_y-768x576.jpg 768w\" sizes=\"(max-width: 1024px) 100vw, 1024px\" \/><\/figure>\n\n\n\n<figure class=\"wp-block-image size-large\"><img decoding=\"async\" loading=\"lazy\" width=\"1024\" height=\"766\" data-id=\"2530\"  src=\"https:\/\/www.dpg-goettingen.de\/wp-content\/uploads\/photo_5438584716488986572_y.jpg\" alt=\"\" class=\"wp-image-2530\" srcset=\"https:\/\/www.dpg-goettingen.de\/wp-content\/uploads\/photo_5438584716488986572_y.jpg 1024w, https:\/\/www.dpg-goettingen.de\/wp-content\/uploads\/photo_5438584716488986572_y-300x224.jpg 300w, https:\/\/www.dpg-goettingen.de\/wp-content\/uploads\/photo_5438584716488986572_y-768x575.jpg 768w\" sizes=\"(max-width: 1024px) 100vw, 1024px\" \/><\/figure>\n\n\n\n<figure class=\"wp-block-image size-large\"><img decoding=\"async\" loading=\"lazy\" width=\"768\" height=\"1024\" data-id=\"2525\"  src=\"https:\/\/www.dpg-goettingen.de\/wp-content\/uploads\/photo_5438584716488986575_y.jpg\" alt=\"\" class=\"wp-image-2525\" srcset=\"https:\/\/www.dpg-goettingen.de\/wp-content\/uploads\/photo_5438584716488986575_y.jpg 768w, https:\/\/www.dpg-goettingen.de\/wp-content\/uploads\/photo_5438584716488986575_y-225x300.jpg 225w\" sizes=\"(max-width: 768px) 100vw, 768px\" \/><\/figure>\n\n\n\n<figure class=\"wp-block-image size-large\"><img decoding=\"async\" loading=\"lazy\" width=\"768\" height=\"1024\" data-id=\"2527\"  src=\"https:\/\/www.dpg-goettingen.de\/wp-content\/uploads\/photo_5438584716488986577_y.jpg\" alt=\"\" class=\"wp-image-2527\" srcset=\"https:\/\/www.dpg-goettingen.de\/wp-content\/uploads\/photo_5438584716488986577_y.jpg 768w, https:\/\/www.dpg-goettingen.de\/wp-content\/uploads\/photo_5438584716488986577_y-225x300.jpg 225w\" sizes=\"(max-width: 768px) 100vw, 768px\" \/><\/figure>\n\n\n\n<figure class=\"wp-block-image size-large\"><img decoding=\"async\" loading=\"lazy\" width=\"1024\" height=\"768\" data-id=\"2519\"  src=\"https:\/\/www.dpg-goettingen.de\/wp-content\/uploads\/photo_5438584716488986574_y.jpg\" alt=\"\" class=\"wp-image-2519\" srcset=\"https:\/\/www.dpg-goettingen.de\/wp-content\/uploads\/photo_5438584716488986574_y.jpg 1024w, https:\/\/www.dpg-goettingen.de\/wp-content\/uploads\/photo_5438584716488986574_y-300x225.jpg 300w, https:\/\/www.dpg-goettingen.de\/wp-content\/uploads\/photo_5438584716488986574_y-768x576.jpg 768w\" sizes=\"(max-width: 1024px) 100vw, 1024px\" \/><\/figure>\n\n\n\n<figure class=\"wp-block-image size-large\"><img decoding=\"async\" loading=\"lazy\" width=\"1024\" height=\"768\" data-id=\"2526\"  src=\"https:\/\/www.dpg-goettingen.de\/wp-content\/uploads\/photo_5438584716488986578_y.jpg\" alt=\"\" class=\"wp-image-2526\" srcset=\"https:\/\/www.dpg-goettingen.de\/wp-content\/uploads\/photo_5438584716488986578_y.jpg 1024w, https:\/\/www.dpg-goettingen.de\/wp-content\/uploads\/photo_5438584716488986578_y-300x225.jpg 300w, https:\/\/www.dpg-goettingen.de\/wp-content\/uploads\/photo_5438584716488986578_y-768x576.jpg 768w\" sizes=\"(max-width: 1024px) 100vw, 1024px\" \/><\/figure>\n\n\n\n<figure class=\"wp-block-image size-large\"><img decoding=\"async\" loading=\"lazy\" width=\"1024\" height=\"768\" data-id=\"2523\"  src=\"https:\/\/www.dpg-goettingen.de\/wp-content\/uploads\/photo_5438584716488986567_y.jpg\" alt=\"\" class=\"wp-image-2523\" srcset=\"https:\/\/www.dpg-goettingen.de\/wp-content\/uploads\/photo_5438584716488986567_y.jpg 1024w, https:\/\/www.dpg-goettingen.de\/wp-content\/uploads\/photo_5438584716488986567_y-300x225.jpg 300w, https:\/\/www.dpg-goettingen.de\/wp-content\/uploads\/photo_5438584716488986567_y-768x576.jpg 768w\" sizes=\"(max-width: 1024px) 100vw, 1024px\" \/><\/figure>\n\n\n\n<figure class=\"wp-block-image size-large\"><img decoding=\"async\" loading=\"lazy\" width=\"1024\" height=\"768\" data-id=\"2520\"  src=\"https:\/\/www.dpg-goettingen.de\/wp-content\/uploads\/photo_5438584716488986568_y.jpg\" alt=\"\" class=\"wp-image-2520\" srcset=\"https:\/\/www.dpg-goettingen.de\/wp-content\/uploads\/photo_5438584716488986568_y.jpg 1024w, https:\/\/www.dpg-goettingen.de\/wp-content\/uploads\/photo_5438584716488986568_y-300x225.jpg 300w, https:\/\/www.dpg-goettingen.de\/wp-content\/uploads\/photo_5438584716488986568_y-768x576.jpg 768w\" sizes=\"(max-width: 1024px) 100vw, 1024px\" \/><\/figure>\n\n\n\n<figure class=\"wp-block-image size-large\"><img decoding=\"async\" loading=\"lazy\" width=\"1024\" height=\"768\" data-id=\"2529\"  src=\"https:\/\/www.dpg-goettingen.de\/wp-content\/uploads\/photo_5438584716488986571_y.jpg\" alt=\"\" class=\"wp-image-2529\" srcset=\"https:\/\/www.dpg-goettingen.de\/wp-content\/uploads\/photo_5438584716488986571_y.jpg 1024w, https:\/\/www.dpg-goettingen.de\/wp-content\/uploads\/photo_5438584716488986571_y-300x225.jpg 300w, https:\/\/www.dpg-goettingen.de\/wp-content\/uploads\/photo_5438584716488986571_y-768x576.jpg 768w\" sizes=\"(max-width: 1024px) 100vw, 1024px\" \/><\/figure>\n<\/figure>\n","protected":false},"excerpt":{"rendered":"<p>Unsere besinnliche Adventsbegegnung mit Polonika 2023. Dieses Mal hat es sogar daf\u00fcr p\u00fcnktlich geschneit. Bo\u017cena Lucia Ammermann und Harm Adam, Vorsitzende des polnischen Kulturvereins Polonika&hellip;<\/p>\n","protected":false},"author":9,"featured_media":2519,"comment_status":"open","ping_status":"open","sticky":false,"template":"","format":"standard","meta":[],"categories":[1],"tags":[],"_links":{"self":[{"href":"https:\/\/www.dpg-goettingen.de\/index.php?rest_route=\/wp\/v2\/posts\/2517"}],"collection":[{"href":"https:\/\/www.dpg-goettingen.de\/index.php?rest_route=\/wp\/v2\/posts"}],"about":[{"href":"https:\/\/www.dpg-goettingen.de\/index.php?rest_route=\/wp\/v2\/types\/post"}],"author":[{"embeddable":true,"href":"https:\/\/www.dpg-goettingen.de\/index.php?rest_route=\/wp\/v2\/users\/9"}],"replies":[{"embeddable":true,"href":"https:\/\/www.dpg-goettingen.de\/index.php?rest_route=%2Fwp%2Fv2%2Fcomments&post=2517"}],"version-history":[{"count":2,"href":"https:\/\/www.dpg-goettingen.de\/index.php?rest_route=\/wp\/v2\/posts\/2517\/revisions"}],"predecessor-version":[{"id":2532,"href":"https:\/\/www.dpg-goettingen.de\/index.php?rest_route=\/wp\/v2\/posts\/2517\/revisions\/2532"}],"wp:featuredmedia":[{"embeddable":true,"href":"https:\/\/www.dpg-goettingen.de\/index.php?rest_route=\/wp\/v2\/media\/2519"}],"wp:attachment":[{"href":"https:\/\/www.dpg-goettingen.de\/index.php?rest_route=%2Fwp%2Fv2%2Fmedia&parent=2517"}],"wp:term":[{"taxonomy":"category","embeddable":true,"href":"https:\/\/www.dpg-goettingen.de\/index.php?rest_route=%2Fwp%2Fv2%2Fcategories&post=2517"},{"taxonomy":"post_tag","embeddable":true,"href":"https:\/\/www.dpg-goettingen.de\/index.php?rest_route=%2Fwp%2Fv2%2Ftags&post=2517"}],"curies":[{"name":"wp","href":"https:\/\/api.w.org\/{rel}","templated":true}]}}