{"id":2644,"date":"2024-02-25T17:43:30","date_gmt":"2024-02-25T16:43:30","guid":{"rendered":"https:\/\/www.dpg-goettingen.de\/?p=2644"},"modified":"2024-02-25T18:40:32","modified_gmt":"2024-02-25T17:40:32","slug":"gedenken-an-die-russische-invasion-in-die-ukraine-2022-und-die-opfer-des-krieges","status":"publish","type":"post","link":"https:\/\/www.dpg-goettingen.de\/?p=2644","title":{"rendered":"Kundgebung: Jahrestag der russischen Invasion in die Ukraine"},"content":{"rendered":"\n<p>Wir waren viele! Das Friedensgebet ging um 17 Uhr los, die Kundgebung ging bis ca. 20 Uhr. Insgesamt haben sich rund 500 Menschen an dem Gedenkveranstaltungen zum 24. Februar in G\u00f6ttingen beteiligt. Wir haben gemeinsam mit der Deutsch-Ukrainischen Gemeinschaft S\u00fcdniedersachsen e.V., dem Deutsch-Ukrainischen Verein G\u00f6ttingen, der Europa-Union Deutschland, KV G\u00f6ttingen aufgerufen.<\/p>\n\n\n\n<p>Vielen Dank an alle, insbesondere an die ukrainische Community! \u041c\u0438 \u0437 \u0412\u0430\u043c\u0438! Jeste\u015bmy z wami! Wir stehen an Eurer Seite!<\/p>\n\n\n\n<p>Los ging es um 17 Uhr mit einer einem Friedensgebet in Sankt Michael, dann folgt ein Marsch zu unserer Kundgebung ab 18 Uhr auf dem Marktplatz. Durch die Veranstaltung haben <strong>Madina Pushkashova<\/strong> (<strong>Ukrainisch-Deutsche Gemeinschaft in S\u00fcdniedersachsen e.V.) <\/strong>auf Ukrainisch<strong> <\/strong>und <strong>Harm Adam (EUD, KV G\u00f6ttingen und DPG G\u00f6ttingen) <\/strong>auf Deutsch, gef\u00fchrt. <\/p>\n\n\n\n<p>Die Kundgebung wurde durch die beeindruckende Darbietung des ukrainischen Chors &#8222;Ukrainische Seele&#8220; aus Braunschweig k\u00fcnstlerisch bereichert. Die ukrainische S\u00e4ngerin Alla Shidlovska r\u00fchrte die Herzen der Anwesenden mit ihrer Interpretation des Liedes \u201eGebet f\u00fcr die Ukraine\u201c. Ebenso begeisterten die Sch\u00fclerinnen und Sch\u00fcler der Ukrainischen Musikschule und die Gesangsgruppe Star Voice, hervorgehoben durch die Solistinnen Maria Androsova und Olena Androsova, mit ihren Auftritten.<\/p>\n\n\n\n<figure class=\"wp-block-video\"><video controls src=\"https:\/\/www.dpg-goettingen.de\/wp-content\/uploads\/10000000_7245001642286588_187325801994029103_n.mp4\"><\/video><\/figure>\n\n\n\n<figure class=\"wp-block-video\"><video controls src=\"https:\/\/www.dpg-goettingen.de\/wp-content\/uploads\/430056824_414360961059402_3228468449254126388_n.mp4\"><\/video><\/figure>\n\n\n\n<p><\/p>\n\n\n\n<p>Die Begr\u00fc\u00dfungsrede von Harm Adam: <\/p>\n\n\n\n<blockquote class=\"wp-block-quote\">\n<p><strong><em>Wir m\u00f6chten unsere Kundgebung mit einer Schweigeminute zum Gedenken an die Opfer des russischen Krieges gegen die Ukraine beginnen<\/em><\/strong><em>\u2026<\/em><\/p>\n\n\n\n<p><strong>Wir danken Ihnen, dass Sie im Gedenken an die Opfer des russischen Angriffskrieges einen Moment innegehalten haben.<\/strong>&nbsp;<\/p>\n\n\n\n<p><strong>Meine Damen und Herren,<\/strong>&nbsp;<\/p>\n\n\n\n<p><strong>der Kampf der Ukraine f\u00fcr ihre Selbstbestimmung und Zugeh\u00f6rigkeit zur freien Welt ist untrennbar mit der Erweiterungsgeschichte der Europ\u00e4ischen Union verquickt.<\/strong> <strong>Als 2004 die Osterweiterung der EU das Ende des Kalten Kriegs in Europa besiegelte, formierten sich die Lager in Europa entlang der Frage der Freiheit. In der Ukraine zeigte die \u201eOrange Revolution\u201c, dass die Ukrainerinnen und Ukrainer dreiste F\u00e4lschungen der Ergebnisse der Pr\u00e4sidentschaftswahlen nicht hinzunehmen bereit waren.<\/strong>&nbsp;<\/p>\n\n\n\n<p><strong>Die erfolgreiche Revolution der W\u00fcrde \u2013 kurz: der Euromaidan &#8211; erwuchs 2013\/14 aus der Weigerung der putinh\u00f6rigen ukrainischen&nbsp; Regierung, das vom Parlament und der Mehrheit der Bev\u00f6lkerung gewollte Assoziierungsabkommen zwischen der EU und der Ukraine zu unterzeichnen. Zehn Jahre sp\u00e4ter befindet sich der EU-Beitrittskandidat Ukraine nach der v\u00f6lkerrechtswidrigen Annexion der Krim und der Etablierung sezessionistischer Vasallenstaaten in seinem Osten in 2014 in einem erbitterten Verteidigungskrieg gegen seine Vision einer europ\u00e4ischen Zukunft. Europas Zukunft ist die Zukunft der Ukraine. Was dieser Krieg f\u00fcr die Menschen in den liberalen Demokratien Europas und der Ukraine bedeutet, haben wir Veranstalter in einem gemeinsamen Aufruf zusammengefasst:<\/strong>&nbsp;<\/p>\n\n\n\n<p><strong>Der 24. Februar 2024 markiert den zweiten Jahrestag der v\u00f6lkerrechtswidrigen Invasion Russlands in der Ukraine. Das Ausma\u00df der russischen Kriegsverbrechen, die unz\u00e4hligen Opfer und das unermessliche Leid der Menschen in der Ukraine sind kaum vorstellbar und ein erneuter Tiefpunkt in der europ\u00e4ischen Geschichte. Dar\u00fcber hinaus hat der russische Krieg gegen die Ukraine tiefgreifende politische, soziale und wirtschaftliche Auswirkungen in vielen L\u00e4ndern der Welt, auch auf unsere Gesellschaft in Deutschland.<\/strong>&nbsp;<\/p>\n\n\n\n<p><strong>Die Ukraine verteidigt nicht nur ihr eigenes Recht, in einer demokratischen, freien Welt zu leben, sondern ganz Europa. Die Zukunft unserer Kinder h\u00e4ngt davon ab, wie dieser Krieg beendet wird, ob wir in Sicherheit und Wohlstand in einer demokratischen Gesellschaft leben werden oder immer in Angst. Von unseren Entscheidungen heute h\u00e4ngt ab, ob Diktatoren ungehindert Angriffskriege f\u00fchren werden und wegen des denkbaren Zugriffs auf Atomwaffen jedes Ultimatum stellen k\u00f6nnen.<\/strong>&nbsp;<\/p>\n\n\n\n<p><strong>Um der Ukraine zu helfen, das Unrecht zu bek\u00e4mpfen und die Menschen in den besetzten Gebieten zu befreien, m\u00fcssen wir die Ukrainerinnen und Ukrainer mit allen notwendigen Mitteln bei der Verteidigung ihrer Heimat unterst\u00fctzen. Die Ukraine muss siegen, damit eine dauerhafte Friedensordnung in Europa wieder realistisch wird.<\/strong>&nbsp;<\/p>\n\n\n\n<p><strong>An diesem wichtigen Jahrestag wollen wir aus G\u00f6ttingen starkes Zeichen der Solidarit\u00e4t und Unterst\u00fctzung f\u00fcr die Ukraine setzen<\/strong><strong>.<\/strong>&nbsp;<\/p>\n\n\n\n<p><strong>Wir bitten Sie, unterst\u00fctzen Sie unseren Aufruf, stehen sie mit uns zusammen. Slawa Ukraini!<\/strong>&nbsp;<\/p>\n<cite>(Harm Adam)<\/cite><\/blockquote>\n\n\n\n<figure class=\"wp-block-image size-large is-resized\"><img decoding=\"async\" loading=\"lazy\" src=\"https:\/\/www.dpg-goettingen.de\/wp-content\/uploads\/418294075_1770585816758190_5369990839464197215_n-1024x768.jpg\" alt=\"\" class=\"wp-image-2647\" width=\"604\" height=\"453\" srcset=\"https:\/\/www.dpg-goettingen.de\/wp-content\/uploads\/418294075_1770585816758190_5369990839464197215_n-1024x768.jpg 1024w, https:\/\/www.dpg-goettingen.de\/wp-content\/uploads\/418294075_1770585816758190_5369990839464197215_n-300x225.jpg 300w, https:\/\/www.dpg-goettingen.de\/wp-content\/uploads\/418294075_1770585816758190_5369990839464197215_n-768x576.jpg 768w, https:\/\/www.dpg-goettingen.de\/wp-content\/uploads\/418294075_1770585816758190_5369990839464197215_n-1536x1152.jpg 1536w, https:\/\/www.dpg-goettingen.de\/wp-content\/uploads\/418294075_1770585816758190_5369990839464197215_n.jpg 2048w\" sizes=\"(max-width: 604px) 100vw, 604px\" \/><\/figure>\n\n\n\n<p><\/p>\n\n\n\n<p>Als n\u00e4chstes hielt <strong>G\u00f6ttingens Oberb\u00fcrgermeisterin Petra Broistedt<\/strong> eine solidarische und bewegende Rede. Auch Vertreter verschiedener Konfessionen und Religionen waren bei der Kundgebung dabei: <strong>Petro Terletskyy, ukrainischer griechisch-katholischer Priester<\/strong>,<strong> Dechant Wigbert Schwarze<\/strong> von der Katholischen Kirche G\u00f6ttingen, <strong>Superintendent Dr. Frank Albrecht Uhlhorn vom Evangelisch-luterischen Kirchenkreis G\u00f6ttingen-M\u00fcnden<\/strong>.<\/p>\n\n\n\n<p>F\u00fcr die Veranstalter*innen hielten die Redebeitr\u00e4ge: <strong>Kvitoslava Hampe, Ukrainisch-Deutsche Gemeinschaft in S\u00fcdniedersachsen e.V. ( Vorsitzende)<\/strong>; <strong>Klaudia Hanisch, stellv. Vorsitzende der Deutsch-Polnischen Gesellschaft G\u00f6ttingen<\/strong>; <strong>Alexander Savenok, Deutsch-Ukrainischer Verein G\u00f6ttingen e.V. (Stellvertretender Vorsitzender); Victoria Vyborna, Leiterin der ukrainischen Samstagsschule in G\u00f6ttingen, Ukrainisch-Deutsch\u0435 Gemeinschaft in S\u00fcdniedersachsen e.V.<\/strong><\/p>\n\n\n\n<p>Rede unserer stellv. Vorsitzenden, Klaudia Hanisch:<\/p>\n\n\n\n<blockquote class=\"wp-block-quote\">\n<p><strong>Guten Abend zusammen,&nbsp;<\/strong><\/p>\n\n\n\n<p><strong>mein Name ist Klaudia Hanisch, ich bin Kreistagsabgeordnete und ich engagiere mich bei der Deutsch-Polnischen Gesellschaft in G\u00f6ttingen, f\u00fcr die ich heute sprechen darf.&nbsp;<\/strong><\/p>\n\n\n\n<p><strong>Ich habe mein Leben zur H\u00e4lfte in Polen, zur anderen H\u00e4lfte hier in Deutschland verbracht. Meine Wurzeln und erste politische Pr\u00e4gung liegen in Polen, einem Land, das wie viele andere osteurop\u00e4ische Staaten unter der russischen Vorherrschaft&nbsp;gelitten hat. Vielleicht ist es diese pers\u00f6nliche Geschichte, die mich den Freiheitskampf der Ukrainer*innen so tief empfinden l\u00e4sst.&nbsp;<\/strong><\/p>\n\n\n\n<p><strong>Es ist wichtig, den Charakter dieses Krieges zu verstehen. F\u00fcr manch unter uns Versammelten mag dieser Krieg \u00fcberhaupt keinen Sinn machen. Und ja, er macht keinen Sinn. Es ist Russlands imperialistischer Krieg, unterf\u00fcttert mit einer menschenfeindlichen Ideologie, die wie aus einem anderen Jahrhundert anmutet. Dieser Wahn aus Krieg, Zerst\u00f6rung, Besatzung und der Bestrebung, der Ukraine die Zukunft zu nehmen, schockiert uns. Wir dachten, wir h\u00e4tten es in Europa \u00fcberwunden. &nbsp;<\/strong><\/p>\n\n\n\n<p><strong>Doch die Massaker von Butscha und Mariupol, wo eine Stadt mit einer halben Million Menschen dem Erdboden gleichgemacht wurde, bringen uns&nbsp;zur\u00fcck auf den Boden der brutalen Tatsachen. &nbsp;<\/strong><\/p>\n\n\n\n<p><strong>Die Ukraine muss sich&nbsp;mit allen Kr\u00e4ften verteidigen, doch sie muss sich auch an der Front verteidigen k\u00f6nnen. Und hier&nbsp;m\u00fcssen die EU, Deutschland und andere Staaten helfen.&nbsp;<\/strong><\/p>\n\n\n\n<p><strong>Es ist befremdlich und ersch\u00fctternd, wenn in unserem Land manche die brutale Aggression Russlands ignorieren oder gar relativieren, sich in obsessiven Diskursen \u00fcber die USA und vermeintliche Fehler des Westens verlieren. Diese Haltung offenbart eine gef\u00e4hrliche Ignoranz gegen\u00fcber der Gefahr aus Russland.&nbsp;<\/strong><\/p>\n\n\n\n<p><strong>Was k\u00f6nnen wir als B\u00fcrgerinnen und B\u00fcrger G\u00f6ttingens tun? Was kann die Stadt und der Landkreis tun? Der Krieg wird nicht allein an der Front entschieden. Neben milit\u00e4rischer Unterst\u00fctzung ist zivile Hilfe unerl\u00e4sslich. Wir m\u00fcssen den laufenden Wiederaufbau unterst\u00fctzen. Er ist eine Vorbedingung f\u00fcr die Handlungsf\u00e4higkeit der Ukraine an der Front.&nbsp;Ich glaube, das ist vielen hierzulande nicht klar. &nbsp;<\/strong><\/p>\n\n\n\n<p><strong>Die Gesundheitsversorgung, die Krankenh\u00e4user m\u00fcssen die Verwundeten und andere B\u00fcrger*innen auf einem m\u00f6glichst hohen Niveau versorgen k\u00f6nnen. Die Versorgung durch die ukrainischischen Selbstverwaltungseinheiten sicherzustellen und die kommunale Infrastruktur zu st\u00e4rken, ist das Gebot der Stunde! G\u00f6ttingen hat bereits eine Solidarit\u00e4tspartnerschaft mit Ochtyrka im Osten der Ukraine auf den Weg gebracht. Das ist super. Diese und weitere potentielle Partnerschaften in Stadt und Landkreis m\u00fcssen wir intensivieren, um einen wirklichen Unterschied zu machen. Die M\u00f6glichkeiten und die Unterst\u00fctzung f\u00fcr kommunale Ukraine-Hilfe der Bundesregierung und der EU-Programme m\u00fcssen st\u00e4rker ausgesch\u00f6pft werden. Auch die Kontakte der hier versammelten ukrainischen Community, aus der g\u00f6ttinger polnischen Partnerstadt Thorn in die gesamte Ukraine&nbsp;sollten wir st\u00e4rker nutzen.&nbsp;<\/strong><\/p>\n\n\n\n<p><strong>Lassen Sie uns gemeinsam handeln, mit Empathie und Entschlossenheit. Wir&nbsp;lassen die ukrainischen B\u00fcrger*innen nicht allein in ihrem Streben nach Freiheit und Frieden. \u201eMy z wami\u201c \u2013 wir stehen an eurer Seite, heute und in Zukunft. Ich danke Ihnen.&nbsp;<\/strong><\/p>\n<cite>(Klaudia Hanisch)<\/cite><\/blockquote>\n\n\n\n<p><\/p>\n\n\n\n<p>Als Vertreter*innen der gro\u00dfen proeurop\u00e4ischen Parteien aus G\u00f6ttingen hielten Gru\u00dfworte: Insa Wiethaup, die Stadtverbandsvorsitzende SPD; Nicole Salditt, Vorstandsmitglied CDU; Mattes Bauer, Europawahlkandidat der FDP&nbsp;; Lino Klevesath, Mitglied des Kreisvorstandes der Gr\u00fcnen.<\/p>\n\n\n\n<hr class=\"wp-block-separator has-alpha-channel-opacity\"\/>\n\n\n\n<figure class=\"wp-block-image size-large is-resized\"><img decoding=\"async\" loading=\"lazy\" src=\"https:\/\/www.dpg-goettingen.de\/wp-content\/uploads\/418181841_724360686490638_9149673832711114227_n-684x1024.jpg\" alt=\"\" class=\"wp-image-2648\" width=\"406\" height=\"608\" srcset=\"https:\/\/www.dpg-goettingen.de\/wp-content\/uploads\/418181841_724360686490638_9149673832711114227_n-684x1024.jpg 684w, https:\/\/www.dpg-goettingen.de\/wp-content\/uploads\/418181841_724360686490638_9149673832711114227_n-200x300.jpg 200w, https:\/\/www.dpg-goettingen.de\/wp-content\/uploads\/418181841_724360686490638_9149673832711114227_n-768x1151.jpg 768w, https:\/\/www.dpg-goettingen.de\/wp-content\/uploads\/418181841_724360686490638_9149673832711114227_n-1025x1536.jpg 1025w, https:\/\/www.dpg-goettingen.de\/wp-content\/uploads\/418181841_724360686490638_9149673832711114227_n.jpg 1341w\" sizes=\"(max-width: 406px) 100vw, 406px\" \/><\/figure>\n\n\n\n<p><\/p>\n\n\n\n<figure class=\"wp-block-image size-large is-resized\"><img decoding=\"async\" loading=\"lazy\" src=\"https:\/\/www.dpg-goettingen.de\/wp-content\/uploads\/418941503_2097188250656089_970193920637815185_n-1024x704.jpg\" alt=\"\" class=\"wp-image-2649\" width=\"674\" height=\"463\" srcset=\"https:\/\/www.dpg-goettingen.de\/wp-content\/uploads\/418941503_2097188250656089_970193920637815185_n-1024x704.jpg 1024w, https:\/\/www.dpg-goettingen.de\/wp-content\/uploads\/418941503_2097188250656089_970193920637815185_n-300x206.jpg 300w, https:\/\/www.dpg-goettingen.de\/wp-content\/uploads\/418941503_2097188250656089_970193920637815185_n-768x528.jpg 768w, https:\/\/www.dpg-goettingen.de\/wp-content\/uploads\/418941503_2097188250656089_970193920637815185_n-1536x1056.jpg 1536w, https:\/\/www.dpg-goettingen.de\/wp-content\/uploads\/418941503_2097188250656089_970193920637815185_n.jpg 1823w\" sizes=\"(max-width: 674px) 100vw, 674px\" \/><\/figure>\n\n\n\n<p><\/p>\n\n\n\n<p><strong>Der gemeinsame Aufruf der Veranstalter*innen im Wortlaut:<\/strong><\/p>\n\n\n\n<p>Der 24. Februar 2024 markiert den zweiten Jahrestag der v\u00f6lkerrechtswidrigen Invasion Russlands in der Ukraine. Das Ausma\u00df der russischen Kriegsverbrechen, die unz\u00e4hligen Opfer und das unermessliche Leid der Menschen in der Ukraine sind kaum vorstellbar und ein erneuter Tiefpunkt in der europ\u00e4ischen Geschichte. Dar\u00fcber hinaus hat der russische Krieg gegen die Ukraine tiefgreifende politische, soziale und wirtschaftliche Auswirkungen in vielen L\u00e4ndern der Welt, auch auf unsere Gesellschaft in Deutschland.<\/p>\n\n\n\n<p>Die Ukraine verteidigt nicht nur ihr eigenes Recht, in einer demokratischen, freien Welt zu leben, sondern ganz Europa. Die Zukunft unserer Kinder h\u00e4ngt davon ab, wie dieser Krieg beendet wird, ob wir in Sicherheit und Wohlstand in einer demokratischen Gesellschaft leben werden oder immer in Angst. Von unseren Entscheidungen heute h\u00e4ngt ab, ob Diktatoren ungehindert Angriffskriege f\u00fchren werden und wegen des denkbaren Zugriffs auf Atomwaffen jedes Ultimatum stellen k\u00f6nnen.<\/p>\n\n\n\n<p>Um der Ukraine zu helfen, das Unrecht zu bek\u00e4mpfen und die Menschen in den besetzten Gebieten zu befreien, m\u00fcssen wir die Ukrainerinnen und Ukrainer mit allen notwendigen Mitteln bei der Verteidigung ihrer Heimat unterst\u00fctzen. Die Ukraine muss siegen, damit eine dauerhafte Friedensordnung in Europa wieder realistisch wird.<\/p>\n\n\n\n<p>An diesem wichtigen Jahrestag wollen wir aus G\u00f6ttingen starkes Zeichen der Solidarit\u00e4t und Unterst\u00fctzung f\u00fcr die Ukraine setzen und treffen uns am 24. Februar 2024, 18.00 Uhr, auf dem Marktplatz vor dem Alten Rathaus in G\u00f6ttingen. Zuvor findet um 17 Uhr ein Gebet f\u00fcr den Frieden in der Kirche St. Michael statt.<\/p>\n\n\n\n<p>Wir bitten Sie, unterst\u00fctzen Sie unseren Aufruf, stehen sie mit uns zusammen.<\/p>\n\n\n\n<p>Slawa Ukraini!<\/p>\n\n\n\n<figure class=\"wp-block-gallery has-nested-images columns-default is-cropped wp-block-gallery-1 is-layout-flex\">\n<figure class=\"wp-block-image size-large\"><img decoding=\"async\" loading=\"lazy\" width=\"1024\" height=\"675\" data-id=\"2650\"  src=\"https:\/\/www.dpg-goettingen.de\/wp-content\/uploads\/418047074_1154863289209563_7245754295751699516_n-1024x675.jpg\" alt=\"\" class=\"wp-image-2650\" srcset=\"https:\/\/www.dpg-goettingen.de\/wp-content\/uploads\/418047074_1154863289209563_7245754295751699516_n-1024x675.jpg 1024w, https:\/\/www.dpg-goettingen.de\/wp-content\/uploads\/418047074_1154863289209563_7245754295751699516_n-300x198.jpg 300w, https:\/\/www.dpg-goettingen.de\/wp-content\/uploads\/418047074_1154863289209563_7245754295751699516_n-768x506.jpg 768w, https:\/\/www.dpg-goettingen.de\/wp-content\/uploads\/418047074_1154863289209563_7245754295751699516_n-1536x1013.jpg 1536w, https:\/\/www.dpg-goettingen.de\/wp-content\/uploads\/418047074_1154863289209563_7245754295751699516_n.jpg 1615w\" sizes=\"(max-width: 1024px) 100vw, 1024px\" \/><\/figure>\n\n\n\n<figure class=\"wp-block-image size-large\"><img decoding=\"async\" loading=\"lazy\" width=\"1024\" height=\"720\" data-id=\"2662\"  src=\"https:\/\/www.dpg-goettingen.de\/wp-content\/uploads\/418560649_600109032310110_2354605420201513637_n-1024x720.jpg\" alt=\"\" class=\"wp-image-2662\" srcset=\"https:\/\/www.dpg-goettingen.de\/wp-content\/uploads\/418560649_600109032310110_2354605420201513637_n-1024x720.jpg 1024w, https:\/\/www.dpg-goettingen.de\/wp-content\/uploads\/418560649_600109032310110_2354605420201513637_n-300x211.jpg 300w, https:\/\/www.dpg-goettingen.de\/wp-content\/uploads\/418560649_600109032310110_2354605420201513637_n-768x540.jpg 768w, https:\/\/www.dpg-goettingen.de\/wp-content\/uploads\/418560649_600109032310110_2354605420201513637_n-1536x1080.jpg 1536w, https:\/\/www.dpg-goettingen.de\/wp-content\/uploads\/418560649_600109032310110_2354605420201513637_n.jpg 1909w\" sizes=\"(max-width: 1024px) 100vw, 1024px\" \/><\/figure>\n\n\n\n<figure class=\"wp-block-image size-large\"><img decoding=\"async\" loading=\"lazy\" width=\"1024\" height=\"563\" data-id=\"2664\"  src=\"https:\/\/www.dpg-goettingen.de\/wp-content\/uploads\/418757591_633573555562170_989111121259848391_n-1024x563.jpg\" alt=\"\" class=\"wp-image-2664\" srcset=\"https:\/\/www.dpg-goettingen.de\/wp-content\/uploads\/418757591_633573555562170_989111121259848391_n-1024x563.jpg 1024w, https:\/\/www.dpg-goettingen.de\/wp-content\/uploads\/418757591_633573555562170_989111121259848391_n-300x165.jpg 300w, https:\/\/www.dpg-goettingen.de\/wp-content\/uploads\/418757591_633573555562170_989111121259848391_n-768x422.jpg 768w, https:\/\/www.dpg-goettingen.de\/wp-content\/uploads\/418757591_633573555562170_989111121259848391_n-1536x845.jpg 1536w, https:\/\/www.dpg-goettingen.de\/wp-content\/uploads\/418757591_633573555562170_989111121259848391_n.jpg 2048w\" sizes=\"(max-width: 1024px) 100vw, 1024px\" \/><\/figure>\n\n\n\n<figure class=\"wp-block-image size-large\"><img decoding=\"async\" loading=\"lazy\" width=\"1024\" height=\"768\" data-id=\"2667\"  src=\"https:\/\/www.dpg-goettingen.de\/wp-content\/uploads\/417810217_196826900181962_3160866450584367398_n-1024x768.jpg\" alt=\"\" class=\"wp-image-2667\" srcset=\"https:\/\/www.dpg-goettingen.de\/wp-content\/uploads\/417810217_196826900181962_3160866450584367398_n-1024x768.jpg 1024w, https:\/\/www.dpg-goettingen.de\/wp-content\/uploads\/417810217_196826900181962_3160866450584367398_n-300x225.jpg 300w, https:\/\/www.dpg-goettingen.de\/wp-content\/uploads\/417810217_196826900181962_3160866450584367398_n-768x576.jpg 768w, https:\/\/www.dpg-goettingen.de\/wp-content\/uploads\/417810217_196826900181962_3160866450584367398_n-1536x1152.jpg 1536w, https:\/\/www.dpg-goettingen.de\/wp-content\/uploads\/417810217_196826900181962_3160866450584367398_n.jpg 2048w\" sizes=\"(max-width: 1024px) 100vw, 1024px\" \/><\/figure>\n\n\n\n<figure class=\"wp-block-image size-large\"><img decoding=\"async\" loading=\"lazy\" width=\"1024\" height=\"731\" data-id=\"2666\"  src=\"https:\/\/www.dpg-goettingen.de\/wp-content\/uploads\/418626563_746061837590490_3193962235793932887_n-1024x731.jpg\" alt=\"\" class=\"wp-image-2666\" srcset=\"https:\/\/www.dpg-goettingen.de\/wp-content\/uploads\/418626563_746061837590490_3193962235793932887_n-1024x731.jpg 1024w, https:\/\/www.dpg-goettingen.de\/wp-content\/uploads\/418626563_746061837590490_3193962235793932887_n-300x214.jpg 300w, https:\/\/www.dpg-goettingen.de\/wp-content\/uploads\/418626563_746061837590490_3193962235793932887_n-768x548.jpg 768w, https:\/\/www.dpg-goettingen.de\/wp-content\/uploads\/418626563_746061837590490_3193962235793932887_n-1536x1097.jpg 1536w, https:\/\/www.dpg-goettingen.de\/wp-content\/uploads\/418626563_746061837590490_3193962235793932887_n.jpg 1912w\" sizes=\"(max-width: 1024px) 100vw, 1024px\" \/><\/figure>\n\n\n\n<figure class=\"wp-block-image size-large\"><img decoding=\"async\" loading=\"lazy\" width=\"1024\" height=\"694\" data-id=\"2663\"  src=\"https:\/\/www.dpg-goettingen.de\/wp-content\/uploads\/417843784_1148114853030651_3494009579410375460_n-1024x694.jpg\" alt=\"\" class=\"wp-image-2663\" srcset=\"https:\/\/www.dpg-goettingen.de\/wp-content\/uploads\/417843784_1148114853030651_3494009579410375460_n-1024x694.jpg 1024w, https:\/\/www.dpg-goettingen.de\/wp-content\/uploads\/417843784_1148114853030651_3494009579410375460_n-300x203.jpg 300w, https:\/\/www.dpg-goettingen.de\/wp-content\/uploads\/417843784_1148114853030651_3494009579410375460_n-768x520.jpg 768w, https:\/\/www.dpg-goettingen.de\/wp-content\/uploads\/417843784_1148114853030651_3494009579410375460_n-1536x1041.jpg 1536w, https:\/\/www.dpg-goettingen.de\/wp-content\/uploads\/417843784_1148114853030651_3494009579410375460_n.jpg 1988w\" sizes=\"(max-width: 1024px) 100vw, 1024px\" \/><\/figure>\n\n\n\n<figure class=\"wp-block-image size-large\"><img decoding=\"async\" loading=\"lazy\" width=\"830\" height=\"1024\" data-id=\"2657\"  src=\"https:\/\/www.dpg-goettingen.de\/wp-content\/uploads\/418001592_7242493689149276_7521300067978065218_n-830x1024.jpg\" alt=\"\" class=\"wp-image-2657\" srcset=\"https:\/\/www.dpg-goettingen.de\/wp-content\/uploads\/418001592_7242493689149276_7521300067978065218_n-830x1024.jpg 830w, https:\/\/www.dpg-goettingen.de\/wp-content\/uploads\/418001592_7242493689149276_7521300067978065218_n-243x300.jpg 243w, https:\/\/www.dpg-goettingen.de\/wp-content\/uploads\/418001592_7242493689149276_7521300067978065218_n-768x948.jpg 768w, https:\/\/www.dpg-goettingen.de\/wp-content\/uploads\/418001592_7242493689149276_7521300067978065218_n-1245x1536.jpg 1245w, https:\/\/www.dpg-goettingen.de\/wp-content\/uploads\/418001592_7242493689149276_7521300067978065218_n.jpg 1601w\" sizes=\"(max-width: 830px) 100vw, 830px\" \/><\/figure>\n\n\n\n<figure class=\"wp-block-image size-large\"><img decoding=\"async\" loading=\"lazy\" width=\"1024\" height=\"840\" data-id=\"2679\"  src=\"https:\/\/www.dpg-goettingen.de\/wp-content\/uploads\/418964846_1119111715765336_3771362876140081960_n-1024x840.jpg\" alt=\"\" class=\"wp-image-2679\" srcset=\"https:\/\/www.dpg-goettingen.de\/wp-content\/uploads\/418964846_1119111715765336_3771362876140081960_n-1024x840.jpg 1024w, https:\/\/www.dpg-goettingen.de\/wp-content\/uploads\/418964846_1119111715765336_3771362876140081960_n-300x246.jpg 300w, https:\/\/www.dpg-goettingen.de\/wp-content\/uploads\/418964846_1119111715765336_3771362876140081960_n-768x630.jpg 768w, https:\/\/www.dpg-goettingen.de\/wp-content\/uploads\/418964846_1119111715765336_3771362876140081960_n-1536x1259.jpg 1536w, https:\/\/www.dpg-goettingen.de\/wp-content\/uploads\/418964846_1119111715765336_3771362876140081960_n.jpg 2048w\" sizes=\"(max-width: 1024px) 100vw, 1024px\" \/><\/figure>\n\n\n\n<figure class=\"wp-block-image size-large\"><img decoding=\"async\" loading=\"lazy\" width=\"1024\" height=\"711\" data-id=\"2672\"  src=\"https:\/\/www.dpg-goettingen.de\/wp-content\/uploads\/418601148_1039587990446213_5387097718344324297_n-1024x711.jpg\" alt=\"\" class=\"wp-image-2672\" srcset=\"https:\/\/www.dpg-goettingen.de\/wp-content\/uploads\/418601148_1039587990446213_5387097718344324297_n-1024x711.jpg 1024w, https:\/\/www.dpg-goettingen.de\/wp-content\/uploads\/418601148_1039587990446213_5387097718344324297_n-300x208.jpg 300w, https:\/\/www.dpg-goettingen.de\/wp-content\/uploads\/418601148_1039587990446213_5387097718344324297_n-768x533.jpg 768w, https:\/\/www.dpg-goettingen.de\/wp-content\/uploads\/418601148_1039587990446213_5387097718344324297_n-1536x1067.jpg 1536w, https:\/\/www.dpg-goettingen.de\/wp-content\/uploads\/418601148_1039587990446213_5387097718344324297_n.jpg 2048w\" sizes=\"(max-width: 1024px) 100vw, 1024px\" \/><\/figure>\n\n\n\n<figure class=\"wp-block-image size-large\"><img decoding=\"async\" loading=\"lazy\" width=\"1024\" height=\"764\" data-id=\"2673\"  src=\"https:\/\/www.dpg-goettingen.de\/wp-content\/uploads\/418705193_1819630628466031_6767901824723269573_n-1024x764.jpg\" alt=\"\" class=\"wp-image-2673\" srcset=\"https:\/\/www.dpg-goettingen.de\/wp-content\/uploads\/418705193_1819630628466031_6767901824723269573_n-1024x764.jpg 1024w, https:\/\/www.dpg-goettingen.de\/wp-content\/uploads\/418705193_1819630628466031_6767901824723269573_n-300x224.jpg 300w, https:\/\/www.dpg-goettingen.de\/wp-content\/uploads\/418705193_1819630628466031_6767901824723269573_n-768x573.jpg 768w, https:\/\/www.dpg-goettingen.de\/wp-content\/uploads\/418705193_1819630628466031_6767901824723269573_n-1536x1145.jpg 1536w, https:\/\/www.dpg-goettingen.de\/wp-content\/uploads\/418705193_1819630628466031_6767901824723269573_n.jpg 2048w\" sizes=\"(max-width: 1024px) 100vw, 1024px\" \/><\/figure>\n\n\n\n<figure class=\"wp-block-image size-large\"><img decoding=\"async\" loading=\"lazy\" width=\"1024\" height=\"683\" data-id=\"2671\"  src=\"https:\/\/www.dpg-goettingen.de\/wp-content\/uploads\/419248028_748201970708648_8945300971130247070_n-1024x683.jpg\" alt=\"\" class=\"wp-image-2671\" srcset=\"https:\/\/www.dpg-goettingen.de\/wp-content\/uploads\/419248028_748201970708648_8945300971130247070_n-1024x683.jpg 1024w, https:\/\/www.dpg-goettingen.de\/wp-content\/uploads\/419248028_748201970708648_8945300971130247070_n-300x200.jpg 300w, https:\/\/www.dpg-goettingen.de\/wp-content\/uploads\/419248028_748201970708648_8945300971130247070_n-768x512.jpg 768w, https:\/\/www.dpg-goettingen.de\/wp-content\/uploads\/419248028_748201970708648_8945300971130247070_n-1536x1024.jpg 1536w, https:\/\/www.dpg-goettingen.de\/wp-content\/uploads\/419248028_748201970708648_8945300971130247070_n.jpg 2048w\" sizes=\"(max-width: 1024px) 100vw, 1024px\" \/><\/figure>\n\n\n\n<figure class=\"wp-block-image size-large\"><img decoding=\"async\" loading=\"lazy\" width=\"1024\" height=\"793\" data-id=\"2653\"  src=\"https:\/\/www.dpg-goettingen.de\/wp-content\/uploads\/418299912_420863457060267_1171976044571202900_n-1024x793.jpg\" alt=\"\" class=\"wp-image-2653\" srcset=\"https:\/\/www.dpg-goettingen.de\/wp-content\/uploads\/418299912_420863457060267_1171976044571202900_n-1024x793.jpg 1024w, https:\/\/www.dpg-goettingen.de\/wp-content\/uploads\/418299912_420863457060267_1171976044571202900_n-300x232.jpg 300w, https:\/\/www.dpg-goettingen.de\/wp-content\/uploads\/418299912_420863457060267_1171976044571202900_n-768x595.jpg 768w, https:\/\/www.dpg-goettingen.de\/wp-content\/uploads\/418299912_420863457060267_1171976044571202900_n-1536x1190.jpg 1536w, https:\/\/www.dpg-goettingen.de\/wp-content\/uploads\/418299912_420863457060267_1171976044571202900_n.jpg 1864w\" sizes=\"(max-width: 1024px) 100vw, 1024px\" \/><\/figure>\n\n\n\n<figure class=\"wp-block-image size-large\"><img decoding=\"async\" loading=\"lazy\" width=\"1024\" height=\"794\" data-id=\"2651\"  src=\"https:\/\/www.dpg-goettingen.de\/wp-content\/uploads\/417843792_394327356625924_145167113634413441_n-1024x794.jpg\" alt=\"\" class=\"wp-image-2651\" srcset=\"https:\/\/www.dpg-goettingen.de\/wp-content\/uploads\/417843792_394327356625924_145167113634413441_n-1024x794.jpg 1024w, https:\/\/www.dpg-goettingen.de\/wp-content\/uploads\/417843792_394327356625924_145167113634413441_n-300x233.jpg 300w, https:\/\/www.dpg-goettingen.de\/wp-content\/uploads\/417843792_394327356625924_145167113634413441_n-768x596.jpg 768w, https:\/\/www.dpg-goettingen.de\/wp-content\/uploads\/417843792_394327356625924_145167113634413441_n-1536x1192.jpg 1536w, https:\/\/www.dpg-goettingen.de\/wp-content\/uploads\/417843792_394327356625924_145167113634413441_n.jpg 1730w\" sizes=\"(max-width: 1024px) 100vw, 1024px\" \/><\/figure>\n\n\n\n<figure class=\"wp-block-image size-large\"><img decoding=\"async\" loading=\"lazy\" width=\"1024\" height=\"621\" data-id=\"2680\"  src=\"https:\/\/www.dpg-goettingen.de\/wp-content\/uploads\/418036735_695187122538228_670603478724691296_n-1024x621.jpg\" alt=\"\" class=\"wp-image-2680\" srcset=\"https:\/\/www.dpg-goettingen.de\/wp-content\/uploads\/418036735_695187122538228_670603478724691296_n-1024x621.jpg 1024w, https:\/\/www.dpg-goettingen.de\/wp-content\/uploads\/418036735_695187122538228_670603478724691296_n-300x182.jpg 300w, https:\/\/www.dpg-goettingen.de\/wp-content\/uploads\/418036735_695187122538228_670603478724691296_n-768x466.jpg 768w, https:\/\/www.dpg-goettingen.de\/wp-content\/uploads\/418036735_695187122538228_670603478724691296_n-1536x932.jpg 1536w, https:\/\/www.dpg-goettingen.de\/wp-content\/uploads\/418036735_695187122538228_670603478724691296_n.jpg 2048w\" sizes=\"(max-width: 1024px) 100vw, 1024px\" \/><\/figure>\n\n\n\n<figure class=\"wp-block-image size-large\"><img decoding=\"async\" loading=\"lazy\" width=\"1024\" height=\"951\" data-id=\"2668\"  src=\"https:\/\/www.dpg-goettingen.de\/wp-content\/uploads\/418375412_646865820861943_7048906615720869300_n-1024x951.jpg\" alt=\"\" class=\"wp-image-2668\" srcset=\"https:\/\/www.dpg-goettingen.de\/wp-content\/uploads\/418375412_646865820861943_7048906615720869300_n-1024x951.jpg 1024w, https:\/\/www.dpg-goettingen.de\/wp-content\/uploads\/418375412_646865820861943_7048906615720869300_n-300x279.jpg 300w, https:\/\/www.dpg-goettingen.de\/wp-content\/uploads\/418375412_646865820861943_7048906615720869300_n-768x713.jpg 768w, https:\/\/www.dpg-goettingen.de\/wp-content\/uploads\/418375412_646865820861943_7048906615720869300_n-1536x1426.jpg 1536w, https:\/\/www.dpg-goettingen.de\/wp-content\/uploads\/418375412_646865820861943_7048906615720869300_n.jpg 1915w\" sizes=\"(max-width: 1024px) 100vw, 1024px\" \/><\/figure>\n\n\n\n<figure class=\"wp-block-image size-large\"><img decoding=\"async\" loading=\"lazy\" width=\"1024\" height=\"715\" data-id=\"2669\"  src=\"https:\/\/www.dpg-goettingen.de\/wp-content\/uploads\/418981209_3617374305198871_6865169268065787640_n-1024x715.jpg\" alt=\"\" class=\"wp-image-2669\" srcset=\"https:\/\/www.dpg-goettingen.de\/wp-content\/uploads\/418981209_3617374305198871_6865169268065787640_n-1024x715.jpg 1024w, https:\/\/www.dpg-goettingen.de\/wp-content\/uploads\/418981209_3617374305198871_6865169268065787640_n-300x209.jpg 300w, https:\/\/www.dpg-goettingen.de\/wp-content\/uploads\/418981209_3617374305198871_6865169268065787640_n-768x536.jpg 768w, https:\/\/www.dpg-goettingen.de\/wp-content\/uploads\/418981209_3617374305198871_6865169268065787640_n-1536x1073.jpg 1536w, https:\/\/www.dpg-goettingen.de\/wp-content\/uploads\/418981209_3617374305198871_6865169268065787640_n.jpg 2048w\" sizes=\"(max-width: 1024px) 100vw, 1024px\" \/><\/figure>\n\n\n\n<figure class=\"wp-block-image size-large\"><img decoding=\"async\" loading=\"lazy\" width=\"1024\" height=\"704\" data-id=\"2661\"  src=\"https:\/\/www.dpg-goettingen.de\/wp-content\/uploads\/418941503_2097188250656089_970193920637815185_n-1-1024x704.jpg\" alt=\"\" class=\"wp-image-2661\" srcset=\"https:\/\/www.dpg-goettingen.de\/wp-content\/uploads\/418941503_2097188250656089_970193920637815185_n-1-1024x704.jpg 1024w, https:\/\/www.dpg-goettingen.de\/wp-content\/uploads\/418941503_2097188250656089_970193920637815185_n-1-300x206.jpg 300w, https:\/\/www.dpg-goettingen.de\/wp-content\/uploads\/418941503_2097188250656089_970193920637815185_n-1-768x528.jpg 768w, https:\/\/www.dpg-goettingen.de\/wp-content\/uploads\/418941503_2097188250656089_970193920637815185_n-1-1536x1056.jpg 1536w, https:\/\/www.dpg-goettingen.de\/wp-content\/uploads\/418941503_2097188250656089_970193920637815185_n-1.jpg 1823w\" sizes=\"(max-width: 1024px) 100vw, 1024px\" \/><\/figure>\n\n\n\n<figure class=\"wp-block-image size-large\"><img decoding=\"async\" loading=\"lazy\" width=\"1024\" height=\"642\" data-id=\"2670\"  src=\"https:\/\/www.dpg-goettingen.de\/wp-content\/uploads\/418056724_242272185616909_7372276896420147796_n-1024x642.jpg\" alt=\"\" class=\"wp-image-2670\" srcset=\"https:\/\/www.dpg-goettingen.de\/wp-content\/uploads\/418056724_242272185616909_7372276896420147796_n-1024x642.jpg 1024w, https:\/\/www.dpg-goettingen.de\/wp-content\/uploads\/418056724_242272185616909_7372276896420147796_n-300x188.jpg 300w, https:\/\/www.dpg-goettingen.de\/wp-content\/uploads\/418056724_242272185616909_7372276896420147796_n-768x481.jpg 768w, https:\/\/www.dpg-goettingen.de\/wp-content\/uploads\/418056724_242272185616909_7372276896420147796_n-1536x962.jpg 1536w, https:\/\/www.dpg-goettingen.de\/wp-content\/uploads\/418056724_242272185616909_7372276896420147796_n.jpg 2048w\" sizes=\"(max-width: 1024px) 100vw, 1024px\" \/><\/figure>\n\n\n\n<figure class=\"wp-block-image size-large\"><img decoding=\"async\" loading=\"lazy\" width=\"708\" height=\"1024\" data-id=\"2658\"  src=\"https:\/\/www.dpg-goettingen.de\/wp-content\/uploads\/417794604_7268862169837734_2455479316107492158_n-708x1024.jpg\" alt=\"\" class=\"wp-image-2658\" srcset=\"https:\/\/www.dpg-goettingen.de\/wp-content\/uploads\/417794604_7268862169837734_2455479316107492158_n-708x1024.jpg 708w, https:\/\/www.dpg-goettingen.de\/wp-content\/uploads\/417794604_7268862169837734_2455479316107492158_n-207x300.jpg 207w, https:\/\/www.dpg-goettingen.de\/wp-content\/uploads\/417794604_7268862169837734_2455479316107492158_n-768x1111.jpg 768w, https:\/\/www.dpg-goettingen.de\/wp-content\/uploads\/417794604_7268862169837734_2455479316107492158_n-1062x1536.jpg 1062w, https:\/\/www.dpg-goettingen.de\/wp-content\/uploads\/417794604_7268862169837734_2455479316107492158_n.jpg 1413w\" sizes=\"(max-width: 708px) 100vw, 708px\" \/><\/figure>\n\n\n\n<figure class=\"wp-block-image size-large\"><img decoding=\"async\" loading=\"lazy\" width=\"1024\" height=\"795\" data-id=\"2656\"  src=\"https:\/\/www.dpg-goettingen.de\/wp-content\/uploads\/419045289_768913978042284_6846528651893735318_n-1024x795.jpg\" alt=\"\" class=\"wp-image-2656\" srcset=\"https:\/\/www.dpg-goettingen.de\/wp-content\/uploads\/419045289_768913978042284_6846528651893735318_n-1024x795.jpg 1024w, https:\/\/www.dpg-goettingen.de\/wp-content\/uploads\/419045289_768913978042284_6846528651893735318_n-300x233.jpg 300w, https:\/\/www.dpg-goettingen.de\/wp-content\/uploads\/419045289_768913978042284_6846528651893735318_n-768x596.jpg 768w, https:\/\/www.dpg-goettingen.de\/wp-content\/uploads\/419045289_768913978042284_6846528651893735318_n-1536x1192.jpg 1536w, https:\/\/www.dpg-goettingen.de\/wp-content\/uploads\/419045289_768913978042284_6846528651893735318_n.jpg 1699w\" sizes=\"(max-width: 1024px) 100vw, 1024px\" \/><\/figure>\n\n\n\n<figure class=\"wp-block-image size-large\"><img decoding=\"async\" loading=\"lazy\" width=\"1024\" height=\"899\" data-id=\"2674\"  src=\"https:\/\/www.dpg-goettingen.de\/wp-content\/uploads\/418035827_1092357975304373_8902181088514208107_n-1024x899.jpg\" alt=\"\" class=\"wp-image-2674\" srcset=\"https:\/\/www.dpg-goettingen.de\/wp-content\/uploads\/418035827_1092357975304373_8902181088514208107_n-1024x899.jpg 1024w, https:\/\/www.dpg-goettingen.de\/wp-content\/uploads\/418035827_1092357975304373_8902181088514208107_n-300x263.jpg 300w, https:\/\/www.dpg-goettingen.de\/wp-content\/uploads\/418035827_1092357975304373_8902181088514208107_n-768x674.jpg 768w, https:\/\/www.dpg-goettingen.de\/wp-content\/uploads\/418035827_1092357975304373_8902181088514208107_n-1536x1348.jpg 1536w, https:\/\/www.dpg-goettingen.de\/wp-content\/uploads\/418035827_1092357975304373_8902181088514208107_n.jpg 1924w\" sizes=\"(max-width: 1024px) 100vw, 1024px\" \/><\/figure>\n\n\n\n<figure class=\"wp-block-image size-large\"><img decoding=\"async\" loading=\"lazy\" width=\"1024\" height=\"657\" data-id=\"2655\"  src=\"https:\/\/www.dpg-goettingen.de\/wp-content\/uploads\/418452275_1090638432005170_2340720352950652554_n-1024x657.jpg\" alt=\"\" class=\"wp-image-2655\" srcset=\"https:\/\/www.dpg-goettingen.de\/wp-content\/uploads\/418452275_1090638432005170_2340720352950652554_n-1024x657.jpg 1024w, https:\/\/www.dpg-goettingen.de\/wp-content\/uploads\/418452275_1090638432005170_2340720352950652554_n-300x192.jpg 300w, https:\/\/www.dpg-goettingen.de\/wp-content\/uploads\/418452275_1090638432005170_2340720352950652554_n-768x493.jpg 768w, https:\/\/www.dpg-goettingen.de\/wp-content\/uploads\/418452275_1090638432005170_2340720352950652554_n-1536x986.jpg 1536w, https:\/\/www.dpg-goettingen.de\/wp-content\/uploads\/418452275_1090638432005170_2340720352950652554_n.jpg 2048w\" sizes=\"(max-width: 1024px) 100vw, 1024px\" \/><\/figure>\n\n\n\n<figure class=\"wp-block-image size-large\"><img decoding=\"async\" loading=\"lazy\" width=\"684\" height=\"1024\" data-id=\"2660\"  src=\"https:\/\/www.dpg-goettingen.de\/wp-content\/uploads\/418181841_724360686490638_9149673832711114227_n-1-684x1024.jpg\" alt=\"\" class=\"wp-image-2660\" srcset=\"https:\/\/www.dpg-goettingen.de\/wp-content\/uploads\/418181841_724360686490638_9149673832711114227_n-1-684x1024.jpg 684w, https:\/\/www.dpg-goettingen.de\/wp-content\/uploads\/418181841_724360686490638_9149673832711114227_n-1-200x300.jpg 200w, https:\/\/www.dpg-goettingen.de\/wp-content\/uploads\/418181841_724360686490638_9149673832711114227_n-1-768x1151.jpg 768w, https:\/\/www.dpg-goettingen.de\/wp-content\/uploads\/418181841_724360686490638_9149673832711114227_n-1-1025x1536.jpg 1025w, https:\/\/www.dpg-goettingen.de\/wp-content\/uploads\/418181841_724360686490638_9149673832711114227_n-1.jpg 1341w\" sizes=\"(max-width: 684px) 100vw, 684px\" \/><\/figure>\n\n\n\n<figure class=\"wp-block-image size-large\"><img decoding=\"async\" loading=\"lazy\" width=\"871\" height=\"1024\" data-id=\"2676\"  src=\"https:\/\/www.dpg-goettingen.de\/wp-content\/uploads\/418130532_3583125585232714_1594292908736631485_n-871x1024.jpg\" alt=\"\" class=\"wp-image-2676\" srcset=\"https:\/\/www.dpg-goettingen.de\/wp-content\/uploads\/418130532_3583125585232714_1594292908736631485_n-871x1024.jpg 871w, https:\/\/www.dpg-goettingen.de\/wp-content\/uploads\/418130532_3583125585232714_1594292908736631485_n-255x300.jpg 255w, https:\/\/www.dpg-goettingen.de\/wp-content\/uploads\/418130532_3583125585232714_1594292908736631485_n-768x902.jpg 768w, https:\/\/www.dpg-goettingen.de\/wp-content\/uploads\/418130532_3583125585232714_1594292908736631485_n-1307x1536.jpg 1307w, https:\/\/www.dpg-goettingen.de\/wp-content\/uploads\/418130532_3583125585232714_1594292908736631485_n.jpg 1497w\" sizes=\"(max-width: 871px) 100vw, 871px\" \/><\/figure>\n\n\n\n<figure class=\"wp-block-image size-large\"><img decoding=\"async\" loading=\"lazy\" width=\"1024\" height=\"768\" data-id=\"2677\"  src=\"https:\/\/www.dpg-goettingen.de\/wp-content\/uploads\/418348160_614628184151668_744586088358440152_n-1024x768.jpg\" alt=\"\" class=\"wp-image-2677\" srcset=\"https:\/\/www.dpg-goettingen.de\/wp-content\/uploads\/418348160_614628184151668_744586088358440152_n-1024x768.jpg 1024w, https:\/\/www.dpg-goettingen.de\/wp-content\/uploads\/418348160_614628184151668_744586088358440152_n-300x225.jpg 300w, https:\/\/www.dpg-goettingen.de\/wp-content\/uploads\/418348160_614628184151668_744586088358440152_n-768x576.jpg 768w, https:\/\/www.dpg-goettingen.de\/wp-content\/uploads\/418348160_614628184151668_744586088358440152_n-1536x1152.jpg 1536w, https:\/\/www.dpg-goettingen.de\/wp-content\/uploads\/418348160_614628184151668_744586088358440152_n.jpg 2048w\" sizes=\"(max-width: 1024px) 100vw, 1024px\" \/><\/figure>\n\n\n\n<figure class=\"wp-block-image size-large\"><img decoding=\"async\" loading=\"lazy\" width=\"1024\" height=\"867\" data-id=\"2665\"  src=\"https:\/\/www.dpg-goettingen.de\/wp-content\/uploads\/417862487_909896017302213_3787737280886062735_n-1024x867.jpg\" alt=\"\" class=\"wp-image-2665\" srcset=\"https:\/\/www.dpg-goettingen.de\/wp-content\/uploads\/417862487_909896017302213_3787737280886062735_n-1024x867.jpg 1024w, https:\/\/www.dpg-goettingen.de\/wp-content\/uploads\/417862487_909896017302213_3787737280886062735_n-300x254.jpg 300w, https:\/\/www.dpg-goettingen.de\/wp-content\/uploads\/417862487_909896017302213_3787737280886062735_n-768x650.jpg 768w, https:\/\/www.dpg-goettingen.de\/wp-content\/uploads\/417862487_909896017302213_3787737280886062735_n-1536x1301.jpg 1536w, https:\/\/www.dpg-goettingen.de\/wp-content\/uploads\/417862487_909896017302213_3787737280886062735_n.jpg 1757w\" sizes=\"(max-width: 1024px) 100vw, 1024px\" \/><\/figure>\n\n\n\n<figure class=\"wp-block-image size-large\"><img decoding=\"async\" loading=\"lazy\" width=\"1024\" height=\"768\" data-id=\"2687\"  src=\"https:\/\/www.dpg-goettingen.de\/wp-content\/uploads\/417835281_761318189249115_5954471508755692301_n-1024x768.jpg\" alt=\"\" class=\"wp-image-2687\" srcset=\"https:\/\/www.dpg-goettingen.de\/wp-content\/uploads\/417835281_761318189249115_5954471508755692301_n-1024x768.jpg 1024w, https:\/\/www.dpg-goettingen.de\/wp-content\/uploads\/417835281_761318189249115_5954471508755692301_n-300x225.jpg 300w, https:\/\/www.dpg-goettingen.de\/wp-content\/uploads\/417835281_761318189249115_5954471508755692301_n-768x576.jpg 768w, https:\/\/www.dpg-goettingen.de\/wp-content\/uploads\/417835281_761318189249115_5954471508755692301_n-1536x1152.jpg 1536w, https:\/\/www.dpg-goettingen.de\/wp-content\/uploads\/417835281_761318189249115_5954471508755692301_n.jpg 2048w\" sizes=\"(max-width: 1024px) 100vw, 1024px\" \/><\/figure>\n\n\n\n<figure class=\"wp-block-image size-large\"><img decoding=\"async\" loading=\"lazy\" width=\"652\" height=\"1024\" data-id=\"2678\"  src=\"https:\/\/www.dpg-goettingen.de\/wp-content\/uploads\/418234366_1445656812655565_3258014446026026452_n-652x1024.jpg\" alt=\"\" class=\"wp-image-2678\" srcset=\"https:\/\/www.dpg-goettingen.de\/wp-content\/uploads\/418234366_1445656812655565_3258014446026026452_n-652x1024.jpg 652w, https:\/\/www.dpg-goettingen.de\/wp-content\/uploads\/418234366_1445656812655565_3258014446026026452_n-191x300.jpg 191w, https:\/\/www.dpg-goettingen.de\/wp-content\/uploads\/418234366_1445656812655565_3258014446026026452_n-768x1206.jpg 768w, https:\/\/www.dpg-goettingen.de\/wp-content\/uploads\/418234366_1445656812655565_3258014446026026452_n-978x1536.jpg 978w, https:\/\/www.dpg-goettingen.de\/wp-content\/uploads\/418234366_1445656812655565_3258014446026026452_n.jpg 1304w\" sizes=\"(max-width: 652px) 100vw, 652px\" \/><\/figure>\n\n\n\n<figure class=\"wp-block-image size-large\"><img decoding=\"async\" loading=\"lazy\" width=\"1024\" height=\"768\" data-id=\"2686\"  src=\"https:\/\/www.dpg-goettingen.de\/wp-content\/uploads\/418576870_1415499959173296_8955191160501491584_n-1024x768.jpg\" alt=\"\" class=\"wp-image-2686\" srcset=\"https:\/\/www.dpg-goettingen.de\/wp-content\/uploads\/418576870_1415499959173296_8955191160501491584_n-1024x768.jpg 1024w, https:\/\/www.dpg-goettingen.de\/wp-content\/uploads\/418576870_1415499959173296_8955191160501491584_n-300x225.jpg 300w, https:\/\/www.dpg-goettingen.de\/wp-content\/uploads\/418576870_1415499959173296_8955191160501491584_n-768x576.jpg 768w, https:\/\/www.dpg-goettingen.de\/wp-content\/uploads\/418576870_1415499959173296_8955191160501491584_n-1536x1152.jpg 1536w, https:\/\/www.dpg-goettingen.de\/wp-content\/uploads\/418576870_1415499959173296_8955191160501491584_n.jpg 2048w\" sizes=\"(max-width: 1024px) 100vw, 1024px\" \/><\/figure>\n\n\n\n<figure class=\"wp-block-image size-large\"><img decoding=\"async\" loading=\"lazy\" width=\"1024\" height=\"659\" data-id=\"2684\"  src=\"https:\/\/www.dpg-goettingen.de\/wp-content\/uploads\/418293109_768575781831023_7588200615369431729_n-1024x659.jpg\" alt=\"\" class=\"wp-image-2684\" srcset=\"https:\/\/www.dpg-goettingen.de\/wp-content\/uploads\/418293109_768575781831023_7588200615369431729_n-1024x659.jpg 1024w, https:\/\/www.dpg-goettingen.de\/wp-content\/uploads\/418293109_768575781831023_7588200615369431729_n-300x193.jpg 300w, https:\/\/www.dpg-goettingen.de\/wp-content\/uploads\/418293109_768575781831023_7588200615369431729_n-768x494.jpg 768w, https:\/\/www.dpg-goettingen.de\/wp-content\/uploads\/418293109_768575781831023_7588200615369431729_n-1536x988.jpg 1536w, https:\/\/www.dpg-goettingen.de\/wp-content\/uploads\/418293109_768575781831023_7588200615369431729_n.jpg 1852w\" sizes=\"(max-width: 1024px) 100vw, 1024px\" \/><\/figure>\n\n\n\n<figure class=\"wp-block-image size-large\"><img decoding=\"async\" loading=\"lazy\" width=\"1024\" height=\"738\" data-id=\"2681\"  src=\"https:\/\/www.dpg-goettingen.de\/wp-content\/uploads\/417851315_1416667662312245_3109945092462553355_n-1024x738.jpg\" alt=\"\" class=\"wp-image-2681\" srcset=\"https:\/\/www.dpg-goettingen.de\/wp-content\/uploads\/417851315_1416667662312245_3109945092462553355_n-1024x738.jpg 1024w, https:\/\/www.dpg-goettingen.de\/wp-content\/uploads\/417851315_1416667662312245_3109945092462553355_n-300x216.jpg 300w, https:\/\/www.dpg-goettingen.de\/wp-content\/uploads\/417851315_1416667662312245_3109945092462553355_n-768x554.jpg 768w, https:\/\/www.dpg-goettingen.de\/wp-content\/uploads\/417851315_1416667662312245_3109945092462553355_n-1536x1107.jpg 1536w, https:\/\/www.dpg-goettingen.de\/wp-content\/uploads\/417851315_1416667662312245_3109945092462553355_n.jpg 2048w\" sizes=\"(max-width: 1024px) 100vw, 1024px\" \/><\/figure>\n\n\n\n<figure class=\"wp-block-image size-large\"><img decoding=\"async\" loading=\"lazy\" width=\"1024\" height=\"612\" data-id=\"2683\"  src=\"https:\/\/www.dpg-goettingen.de\/wp-content\/uploads\/419067319_748045957267252_8110462823970087274_n-1024x612.jpg\" alt=\"\" class=\"wp-image-2683\" srcset=\"https:\/\/www.dpg-goettingen.de\/wp-content\/uploads\/419067319_748045957267252_8110462823970087274_n-1024x612.jpg 1024w, https:\/\/www.dpg-goettingen.de\/wp-content\/uploads\/419067319_748045957267252_8110462823970087274_n-300x179.jpg 300w, https:\/\/www.dpg-goettingen.de\/wp-content\/uploads\/419067319_748045957267252_8110462823970087274_n-768x459.jpg 768w, https:\/\/www.dpg-goettingen.de\/wp-content\/uploads\/419067319_748045957267252_8110462823970087274_n-1536x917.jpg 1536w, https:\/\/www.dpg-goettingen.de\/wp-content\/uploads\/419067319_748045957267252_8110462823970087274_n.jpg 2048w\" sizes=\"(max-width: 1024px) 100vw, 1024px\" \/><\/figure>\n\n\n\n<figure class=\"wp-block-image size-large\"><img decoding=\"async\" loading=\"lazy\" width=\"1024\" height=\"757\" data-id=\"2685\"  src=\"https:\/\/www.dpg-goettingen.de\/wp-content\/uploads\/421708316_408639798322980_2771932744587890489_n-1024x757.jpg\" alt=\"\" class=\"wp-image-2685\" srcset=\"https:\/\/www.dpg-goettingen.de\/wp-content\/uploads\/421708316_408639798322980_2771932744587890489_n-1024x757.jpg 1024w, https:\/\/www.dpg-goettingen.de\/wp-content\/uploads\/421708316_408639798322980_2771932744587890489_n-300x222.jpg 300w, https:\/\/www.dpg-goettingen.de\/wp-content\/uploads\/421708316_408639798322980_2771932744587890489_n-768x567.jpg 768w, https:\/\/www.dpg-goettingen.de\/wp-content\/uploads\/421708316_408639798322980_2771932744587890489_n-1536x1135.jpg 1536w, https:\/\/www.dpg-goettingen.de\/wp-content\/uploads\/421708316_408639798322980_2771932744587890489_n.jpg 1811w\" sizes=\"(max-width: 1024px) 100vw, 1024px\" \/><\/figure>\n\n\n\n<figure class=\"wp-block-image size-large\"><img decoding=\"async\" loading=\"lazy\" width=\"1024\" height=\"678\" data-id=\"2682\"  src=\"https:\/\/www.dpg-goettingen.de\/wp-content\/uploads\/418226409_891008949698903_4315683893493870591_n-1024x678.jpg\" alt=\"\" class=\"wp-image-2682\" srcset=\"https:\/\/www.dpg-goettingen.de\/wp-content\/uploads\/418226409_891008949698903_4315683893493870591_n-1024x678.jpg 1024w, https:\/\/www.dpg-goettingen.de\/wp-content\/uploads\/418226409_891008949698903_4315683893493870591_n-300x199.jpg 300w, https:\/\/www.dpg-goettingen.de\/wp-content\/uploads\/418226409_891008949698903_4315683893493870591_n-768x508.jpg 768w, https:\/\/www.dpg-goettingen.de\/wp-content\/uploads\/418226409_891008949698903_4315683893493870591_n-1536x1017.jpg 1536w, https:\/\/www.dpg-goettingen.de\/wp-content\/uploads\/418226409_891008949698903_4315683893493870591_n.jpg 1974w\" sizes=\"(max-width: 1024px) 100vw, 1024px\" \/><\/figure>\n<\/figure>\n","protected":false},"excerpt":{"rendered":"<p>Wir waren viele! Das Friedensgebet ging um 17 Uhr los, die Kundgebung ging bis ca. 20 Uhr. Insgesamt haben sich rund 500 Menschen an dem&hellip;<\/p>\n","protected":false},"author":9,"featured_media":2652,"comment_status":"open","ping_status":"open","sticky":false,"template":"","format":"standard","meta":[],"categories":[1],"tags":[],"_links":{"self":[{"href":"https:\/\/www.dpg-goettingen.de\/index.php?rest_route=\/wp\/v2\/posts\/2644"}],"collection":[{"href":"https:\/\/www.dpg-goettingen.de\/index.php?rest_route=\/wp\/v2\/posts"}],"about":[{"href":"https:\/\/www.dpg-goettingen.de\/index.php?rest_route=\/wp\/v2\/types\/post"}],"author":[{"embeddable":true,"href":"https:\/\/www.dpg-goettingen.de\/index.php?rest_route=\/wp\/v2\/users\/9"}],"replies":[{"embeddable":true,"href":"https:\/\/www.dpg-goettingen.de\/index.php?rest_route=%2Fwp%2Fv2%2Fcomments&post=2644"}],"version-history":[{"count":5,"href":"https:\/\/www.dpg-goettingen.de\/index.php?rest_route=\/wp\/v2\/posts\/2644\/revisions"}],"predecessor-version":[{"id":2696,"href":"https:\/\/www.dpg-goettingen.de\/index.php?rest_route=\/wp\/v2\/posts\/2644\/revisions\/2696"}],"wp:featuredmedia":[{"embeddable":true,"href":"https:\/\/www.dpg-goettingen.de\/index.php?rest_route=\/wp\/v2\/media\/2652"}],"wp:attachment":[{"href":"https:\/\/www.dpg-goettingen.de\/index.php?rest_route=%2Fwp%2Fv2%2Fmedia&parent=2644"}],"wp:term":[{"taxonomy":"category","embeddable":true,"href":"https:\/\/www.dpg-goettingen.de\/index.php?rest_route=%2Fwp%2Fv2%2Fcategories&post=2644"},{"taxonomy":"post_tag","embeddable":true,"href":"https:\/\/www.dpg-goettingen.de\/index.php?rest_route=%2Fwp%2Fv2%2Ftags&post=2644"}],"curies":[{"name":"wp","href":"https:\/\/api.w.org\/{rel}","templated":true}]}}