{"id":2883,"date":"2024-07-04T08:53:13","date_gmt":"2024-07-04T07:53:13","guid":{"rendered":"https:\/\/www.dpg-goettingen.de\/?p=2883"},"modified":"2024-07-04T08:53:14","modified_gmt":"2024-07-04T07:53:14","slug":"rundbriefe-2014","status":"publish","type":"post","link":"https:\/\/www.dpg-goettingen.de\/?p=2883","title":{"rendered":"Rundbriefe 2014"},"content":{"rendered":"\n<p><strong>Rundbrief September 2014 \u2013 Terminkalender 2014\/2015 u.a.<\/strong><br \/>Liebe Mitglieder und Freunde der G\u00f6ttinger DPG,<\/p>\n\n\n\n<p>nach dem grandiosen Erfolg des Europaempfanges mit gut 150 G\u00e4sten m\u00f6chte Sie der Vorstand nun \u00fcber die im Winterhalbjahr bis zur n\u00e4chsten Mitgliederversammlung anstehenden Aktivit\u00e4ten informieren. Weitere Termine w\u00fcrden Ihnen kurzfristig mitgeteilt, zumal wir urspr\u00fcnglich gehofft hatten, eine Veranstaltungskooperation mit unserer Thorner Partnergesellschaft bereits jetzt bekanntgeben zu k\u00f6nnen.<\/p>\n\n\n\n<p><strong>I. Terminkalender 2014\/2015<\/strong><\/p>\n\n\n\n<p><strong>1. Polnischer Botschafter S.E. Jerzy Marga\u0144ski Gast eines Europagespr\u00e4chs am Dienstag, den 21. Oktober 2014, 19 Uhr, Altes Rathaus G\u00f6ttingen<\/strong><\/p>\n\n\n\n<p>Uns ist es gelungen, den Botschafter der Republik Polen, S.E. Jerzy Marga\u0144ski, f\u00fcr einen Vortrag <strong>\u201ePolen und Deutsche in Europa \u2013 10 Jahre Zusammenarbeit in der Europ\u00e4ischen Union\u201c<\/strong> zu gewinnen. Er wird am Dienstag, den 21. Oktober 2014, um 19 Uhr in der historischen Halle des Alten Rathauses sprechen und mit uns diskutieren.<br \/>Bei dem Europagespr\u00e4ch erwarten wir ein Gru\u00dfwort des scheidenden Oberb\u00fcrgermeisters der Stadt G\u00f6ttingen und kooperieren neuerlich mit der \u00fcberparteilichen Europa-Union. Es bedarf keiner Anmeldung. Bitte werben Sie in Ihrem Bekanntenkreis f\u00fcr die Veranstaltung.<\/p>\n\n\n\n<p><strong>2. Jahreskongress des Bundesverbandes der Deutsch-Polnischen Gesellschaften vom 07.-09. November 2014 in Dresden<\/strong><\/p>\n\n\n\n<p>Der 23. Jahreskongress <strong>\u201eNachbarschaft in der Mitte Europas\u201c<\/strong> wird vom 07.-09. November 2014 in Dresden stattfinden. Die Teilnahmegeb\u00fchr betr\u00e4gt f\u00fcr DPG-Mitglieder 49,- \u20ac (Sch\u00fcler und Studenten 39,- \u20ac). Darin enthalten ist die Teilnahme an allen Veranstaltungen samt Verpflegung vor Ort.<br \/>Die diesj\u00e4hrigen <strong>DIALOG-Preistr\u00e4ger sind Lech Walesa und der Interregionale Gewerkschaftsrat Elbe-Nei\u00dfe<\/strong>, an die der Preis bereits am Freitag, den 07. November 2014, um 18 Uhr im S\u00e4chsischen Landtag verliehen wird. N\u00e4here Informationen erhalten Sie beim Vorsitzenden und in einigen Tagen auch \u00fcber die Homepage des Bundesverbandes unter www.dpg-bundesverband.de.<\/p>\n\n\n\n<p><strong>3. Vortrag und Workshop \u201eTypisch deutsch, typisch polnisch\u201c am Freitag, den 14. November 2014,<br \/>18 Uhr, im kleinen Gemeindesaal St. Johannis, G\u00f6ttingen<\/strong><\/p>\n\n\n\n<p>Am Freitag, den 14.11.2014, wird um 18 Uhr im kleinen Gemeindesaal von St. Johannis, Am Johanniskirchhof 2, Frau Agnieszka Foit aus Hannover zu dem Thema <strong>&#8222;Typisch deutsch, typisch polnisch&#8220;<\/strong> referieren. Frau Foit, die als Dozentin an der VHS Hannover t\u00e4tig ist, wird zun\u00e4chst auf die kulturellen Unterschiede zwischen den beiden L\u00e4ndern eingehen und unter anderem auch eine kleine Einf\u00fchrung in die polnische Sprache geben, um den Klang der Sprache zu vermitteln. Danach soll den Anwesenden in einem kurzen <strong>Workshop<\/strong> die M\u00f6glichkeit gegeben werden, \u00fcber die eigenen Erfahrungen zu sprechen, die eigenen kulturellen Praktiken zu reflektieren und weitere Differenzen aufdecken. Einer Anmeldung bedarf es nicht.<\/p>\n\n\n\n<p><strong>4. Adventsbegegnung am Freitag, den 12. Dezember, ab 18 Uhr in der Galerie Alte Feuerwache<\/strong><\/p>\n\n\n\n<p>In unserem Kalender darf die traditionelle und mit dem Kulturverein Polonika abgestimmte \u201eAdventsbegegnung\u201c nicht fehlen. Wir freuen uns auf <strong>interessante Gespr\u00e4che, kurze literarische Vortr\u00e4ge und Musikeinlagen am Freitag, den 12. Dezember 2014, ab 18 Uhr, in der Galerie Alte Feuerwache, Ritterplan 4<\/strong>. Schon jetzt danken wir unseren Mitgliedern Gisela Hyllus und J\u00f6rg Dreykluft, die es sich nicht haben nehmen lassen, abermals unser Gastgeber zu sein.<\/p>\n\n\n\n<p><strong>5. Mitgliederversammlung (Jahreshauptversammlung) am Freitag, den 13. M\u00e4rz 2015<\/strong><\/p>\n\n\n\n<p>Die n\u00e4chste <strong>Mitgliederversammlung mit Wahlen<\/strong> zum Vorstand haben wir bereits langfristig auf Freitag, den 13. M\u00e4rz 2015, 19 Uhr, in den kleinen Gemeindesaal von St. Johannis G\u00f6ttingen, Am Johanniskirchhof 2,<br \/>terminiert. Selbstverst\u00e4ndlich erfolgt in deren Vorfeld eine den formellen Anforderungen gen\u00fcgende Einladung.<br \/>Interessierte notieren bereits jetzt <strong>Samstag, den 18. April 2015<\/strong>, als Termin der <strong>Landestagung des Deutsch-Polnische Gesellschaften in Niedersachsen e.V.<\/strong> In Osnabr\u00fcck erwarten wir Vortr\u00e4ge des nieders\u00e4chsischen Innenministers Boris Pistorius und des Staatsministers a.D. Wolfram Kuschke, der in dieser Funktion in Nordrhein-Westfalen f\u00fcr die Europapolitik verantwortlich zeichnete und sich auch wissenschaftlich mit St\u00e4dtepartnerschaften und deren Beitrag f\u00fcr die europ\u00e4ische und internationale Verst\u00e4ndigung auseinandergesetzt hat.<\/p>\n\n\n\n<p><strong>II. Beitragseinzug und Spenden<\/strong><\/p>\n\n\n\n<p>Allen Mitgliedern \u2013 nat\u00fcrlich ganz besonders unserer Schatzmeisterin Inge Borchert &#8211; ist zu danken, dass wir die Umstellung auf das SEPA-Lastschriftsystem reibungslos bew\u00e4ltigt haben. Im Anschluss an den Europaempfang baten einige Mitglieder um die Mitteilung unserer <strong>SEPA-Bankdaten<\/strong>, um unsere Arbeit durch Spenden gegen Erteilung einer steuerlich absetzbaren <strong>Spendenbescheinigung<\/strong> unterst\u00fctzen zu k\u00f6nnen. Bei der Sparkasse G\u00f6ttingen (BIC: NOLADE21GOE) hat unser Konto die IBAN: DE14 2605 0001 0001 0736 18. Spenden sind jederzeit herzlich willkommen, um insbesondere unsere Stipendien finanziell abzusichern. Der Vorstand nimmt aber auch gerne Anregungen f\u00fcr die inhaltliche Arbeit auf.<\/p>\n\n\n\n<p>Mit freundlichen Gr\u00fc\u00dfen<\/p>\n\n\n\n<p>Ihr<\/p>\n\n\n\n<p>Harm Adam<\/p>\n\n\n\n<p>Vorsitzender<br \/>Harm Adam<br \/>Osterberg 16<br \/>37120 Bovenden<br \/>Telefon: 0551- 5317666<br \/>u. 0551-5471336<br \/>u. 0173-2917006<br \/>eMail:<br \/>h.adam@menge-noack.de<\/p>\n\n\n\n<p>Stellv. Vorsitzende<br \/>Dr. Bernd Kreutzfeldt<br \/>Dieter Wiedemann<\/p>\n\n\n\n<p>Schatzmeisterin<br \/>Inge Borchert<br \/>Elly-Heuss-Knapp Str. 1<br \/>37075 G\u00f6ttingen<br \/>Telefon: 0551 \u2013 2 35 97<br \/>eMail:<br \/>Inge_Borchert@web.de<\/p>\n\n\n\n<p>Beisitzerinnen<br \/>Natalia Bergau<br \/>Renate Borchard<br \/>Anna Radwa\u0144ska-Nowak<\/p>\n\n\n\n<p>Beirat<br \/>Annerose Arglebe<br \/>Norbert Baensch<br \/>Waldemar Barwinske<br \/>Prof. Dr. Friedrich Hassenstein<br \/>Prof. Dr. Rita S\u00fcssmuth<br \/>Prof. Dr. Rudolf von Thadden<\/p>\n\n\n\n<p>Ehrenvorsitzender<br \/>Reinhard Caspari \u2020<\/p>\n\n\n\n<p>Bankverbindung<br \/>Sparkasse G\u00f6ttingen<br \/>BLZ 260 500 01<br \/>Konto: 1 073 618<\/p>\n\n\n\n<p>Im Internet:<br \/>www.dpg-goettingen.de<\/p>\n\n\n\n<h4 class=\"wp-block-heading\">\u2009 \u2009 \u2009 \u2009 \u2009 \u2009 \u2009 \u2009 \u2009 \u2009 \u2009<\/h4>\n\n\n\n<hr class=\"wp-block-separator has-alpha-channel-opacity\"\/>\n\n\n\n<p><strong>06.02.2014<\/strong> <strong>Rundbrief Februar 2014 \u2013 Einladung zur Mitgliederversammlung, Terminkalender, Stipendiatenprogramm, SEPA<\/strong><\/p>\n\n\n\n<p>Liebe Mitglieder und Freunde der G\u00f6ttinger DPG,<\/p>\n\n\n\n<p>mit diesem Rundbrief m\u00f6chten wir Sie zu unserer turnusm\u00e4\u00dfigen Jahreshauptversammlung und den Veranstaltungen im 1. Halbjahr einladen sowie Hinweise zur Teilnahme am SEPA-Lastschriftverfahren geben:<\/p>\n\n\n\n<p><strong>I. Einladung zur Jahreshauptversammlung am 28. Februar 2014<\/strong><\/p>\n\n\n\n<p>Zu unserer Mitgliederversammlung (Jahreshauptversammlung) laden wir herzlich auf<\/p>\n\n\n\n<p><strong>Freitag, den 28. Februar 2014, 19 Uhr, in den kleinen Gemeindesaal von St. Johannis G\u00f6ttingen, Am Johanniskirchhof 2,<\/strong><\/p>\n\n\n\n<p>ein.<\/p>\n\n\n\n<p>Die <strong>Tagesordnung<\/strong> schlagen wir wie folgt vor:<\/p>\n\n\n\n<p>1. Er\u00f6ffnung und Begr\u00fc\u00dfung sowie Feststellen der Beschlussf\u00e4higkeit<br \/>2. Genehmigung der Tagesordnung und Wahl eines Protokollf\u00fchrers<br \/>3. Mitgliederentwicklung und Begr\u00fc\u00dfung neuer Mitglieder<br \/>4. Bericht des Vorsitzenden<br \/>5. Bericht der Schatzmeisterin<br \/>6. Aussprache zu den Berichten<br \/>6. Bericht der Kassenpr\u00fcfer<br \/>7. Entlastung des Vorstandes<br \/>8. Ausblick auf die Jahresplanung 2014<br \/>9. Verschiedenes<\/p>\n\n\n\n<p>Um zahlreiches Erscheinen wird gebeten.<\/p>\n\n\n\n<p><strong>II. Terminkalender bis Juli 2014<\/strong><\/p>\n\n\n\n<p><strong>1. Landestagung am 29. M\u00e4rz 2014 in G\u00f6ttingen mit Adam Krzemi\u0144ski<\/strong><br \/>Wir freuen uns, am 29. M\u00e4rz 2014 die Landestagung der Deutsch-Polnischen Gesellschaften in Niedersachsen e.V. im Alfred-Hessel-Saal des Historischen Geb\u00e4udes der SUB (Pauliner-Kirche), Papendiek 14, ausrichten zu d\u00fcrfen. Herzlich laden wir alle Interessierten zu der <strong>\u00f6ffentlichen Vortragsveranstaltung<\/strong> um 14 Uhr ein. Nach Gru\u00dfworten erwarten wir einen Vortrag unseres Freundes <strong>Adam Krzemi\u0144ski<\/strong> zu aktuellen Fragen der deutsch-polnischen Zusammenarbeit und der Europ\u00e4ischen Integration. Krzemi\u0144ski ist seit 1973 Redakteur des polnischen politischen Wochenmagazins Polityka. Seine Verdienste wurden u.a. 2010 mit dem Samuel-Bogumil-Linde-Preis gew\u00fcrdigt. Zum Abschluss werden Kaffee und Kuchen gereicht.<\/p>\n\n\n\n<p><strong>2. Vortrag Dr. Hans-Christian Trepte am 12. Mai 2014 zur Heimatarmee<\/strong><br \/>Am Montag, den 12. Mai 2014, 19 Uhr, kleiner Gemeindesaal von St. Johannis, berichtet uns der Leipziger Literaturwissenschaftler Dr. Hans-Christian Trepte vom dortigen Institut f\u00fcr Slavistik \u00fcber das Thema \u201eDie Heimatarmee und die (verlorene) Generation der Kolumbusse\u201c. Buch und Fernsehadaption \u201eKolumbowie. Rocznik 20\u201c des Autors Roman Bratny waren in Polen 1957 bzw. 1970 gro\u00dfe Erfolge. Mit diesem Vortrag versuchen wir eine ganz andere Ann\u00e4herung an die \u201eHeimatarmee\u201c, die zuletzt anl\u00e4sslich der Fernsehserie \u201eUnsere M\u00fctter, unsere V\u00e4ter\u201c im Fokus der deutsch-polnischen Beziehungen stand.<\/p>\n\n\n\n<p><strong>3. Terminkalender der Stadt &#8211; Preisverleihung Samuel-Bogumil-Linde-Preis am 6. Juli 2014 in G\u00f6ttingen<\/strong><br \/>Zur Preisverleihung am Sonntag, den 6. Juli 2014, 11 Uhr, im Alten Rathaus in G\u00f6ttingen sind alle Interessierten eingeladen. N\u00e4here Details entnehmen Sie bitte den Vorank\u00fcndigungen in den G\u00f6ttinger Medien.<\/p>\n\n\n\n<p><strong>4. Gemeinsamer Jahresempfang von DPG und Europa-Union G\u00f6ttingen am 18. Juli 2014<\/strong><br \/>Um unseren Mitgliedern dauerhaft die M\u00f6glichkeit zu geben, sich anl\u00e4sslich eines Jahresempfangs mit Vertretern aus Kultur, Medien, Wirtschaft und Politik auszutauschen, haben wir uns, nicht nur aus finanziellen Gr\u00fcnden, zu einer Kooperation mit der \u00fcberparteilichen Europa-Union entschlossen. Der gemeinsame Empfang wird am Freitag, den 18. Juli 2014, voraussichtlich ab 19.30 Uhr, im Gemeindesaal und Au\u00dfengel\u00e4nde der Kirchengemeinde St. Johannis stattfinden. Eine gesonderte Einladung erfolgt rechtzeitig.<\/p>\n\n\n\n<p><strong>III. Vorank\u00fcndigung Adventsbegegnung, Stipendiatenprogramm und SEPA<\/strong><\/p>\n\n\n\n<p>In unserem Kalender darf die traditionelle und mit dem Kulturverein Polonika abgestimmte \u201eAdventsbegegnung\u201c nicht fehlen. Wir haben sie fr\u00fchzeitig auf Freitag, den 12. Dezember 2014, 18 Uhr, terminiert, und werden in der Galerie Alte Feuerwache, Ritterplan 4, einige sch\u00f6ne Stunden verbringen.<\/p>\n\n\n\n<p>Wir setzen unser Stipendienprogramm fort und werden im Sommersemester 2014 eine Germanistikstudentin und einen Medizinstudenten zu Gast haben. Wer im Laufe des Sommersemesters gern einen Stipendiaten einladen m\u00f6chte, m\u00f6ge sich bitte bei mir melden.<\/p>\n\n\n\n<p>Weiter ist zu berichten, dass der Beitragseinzug des Jahresbeitrages von 28 \u20ac per 1.3.2014 erfolgen soll. Als Mandatsreferenz wird die im Finanzprogramm der Sparkasse f\u00fcr SEPA ausgewiesene Mitgliedsnummer angegeben. Die Konvertierung der Daten der schon erteilten Einzugserm\u00e4chtigungen in das System von IBAN und BIC ist abgeschlossen. Unsere Gl\u00e4ubiger-Identifikationsnummer lautet: DE88ZZZ00000289870.<\/p>\n\n\n\n<p>Mit freundlichen Gr\u00fc\u00dfen<br \/>Ihr<\/p>\n\n\n\n<p>Harm Adam<\/p>\n\n\n\n<p>Vorsitzender<br \/>Harm Adam<br \/>Osterberg 16<br \/>37120 Bovenden<br \/>Telefon: 0551- 5317666<br \/>u. 0551-5471336<br \/>u. 0173-2917006<br \/>eMail:<br \/>h.adam@menge-noack.de<\/p>\n\n\n\n<p>Stellv. Vorsitzende<br \/>Dr. Bernd Kreutzfeldt<br \/>Dieter Wiedemann<\/p>\n\n\n\n<p>Schatzmeisterin<br \/>Inge Borchert<br \/>Elly-Heuss-Knapp Str. 1<br \/>37075 G\u00f6ttingen<br \/>Telefon: 0551 \u2013 2 35 97<br \/>eMail:<br \/>Inge_Borchert@web.de<\/p>\n\n\n\n<p>Beisitzerinnen<br \/>Natalia Bergau<br \/>Renate Borchard<br \/>Anna Radwa\u0144ska-Nowak<\/p>\n\n\n\n<p>Beirat<br \/>Annerose Arglebe<br \/>Norbert Baensch<br \/>Waldemar Barwinske<br \/>Prof. Dr. Friedrich Hassenstein<br \/>Prof. Dr. Rita S\u00fcssmuth<br \/>Prof. Dr. Rudolf von Thadden<\/p>\n\n\n\n<p>Ehrenvorsitzender<br \/>Reinhard Caspari \u2020<\/p>\n\n\n\n<p><\/p>\n","protected":false},"excerpt":{"rendered":"<p>Rundbrief September 2014 \u2013 Terminkalender 2014\/2015 u.a.Liebe Mitglieder und Freunde der G\u00f6ttinger DPG, nach dem grandiosen Erfolg des Europaempfanges mit gut 150 G\u00e4sten m\u00f6chte Sie&hellip;<\/p>\n","protected":false},"author":9,"featured_media":0,"comment_status":"open","ping_status":"open","sticky":false,"template":"","format":"standard","meta":[],"categories":[1],"tags":[],"_links":{"self":[{"href":"https:\/\/www.dpg-goettingen.de\/index.php?rest_route=\/wp\/v2\/posts\/2883"}],"collection":[{"href":"https:\/\/www.dpg-goettingen.de\/index.php?rest_route=\/wp\/v2\/posts"}],"about":[{"href":"https:\/\/www.dpg-goettingen.de\/index.php?rest_route=\/wp\/v2\/types\/post"}],"author":[{"embeddable":true,"href":"https:\/\/www.dpg-goettingen.de\/index.php?rest_route=\/wp\/v2\/users\/9"}],"replies":[{"embeddable":true,"href":"https:\/\/www.dpg-goettingen.de\/index.php?rest_route=%2Fwp%2Fv2%2Fcomments&post=2883"}],"version-history":[{"count":1,"href":"https:\/\/www.dpg-goettingen.de\/index.php?rest_route=\/wp\/v2\/posts\/2883\/revisions"}],"predecessor-version":[{"id":2885,"href":"https:\/\/www.dpg-goettingen.de\/index.php?rest_route=\/wp\/v2\/posts\/2883\/revisions\/2885"}],"wp:attachment":[{"href":"https:\/\/www.dpg-goettingen.de\/index.php?rest_route=%2Fwp%2Fv2%2Fmedia&parent=2883"}],"wp:term":[{"taxonomy":"category","embeddable":true,"href":"https:\/\/www.dpg-goettingen.de\/index.php?rest_route=%2Fwp%2Fv2%2Fcategories&post=2883"},{"taxonomy":"post_tag","embeddable":true,"href":"https:\/\/www.dpg-goettingen.de\/index.php?rest_route=%2Fwp%2Fv2%2Ftags&post=2883"}],"curies":[{"name":"wp","href":"https:\/\/api.w.org\/{rel}","templated":true}]}}