{"id":2940,"date":"2024-09-26T12:31:03","date_gmt":"2024-09-26T11:31:03","guid":{"rendered":"https:\/\/www.dpg-goettingen.de\/?p=2940"},"modified":"2024-09-26T12:33:49","modified_gmt":"2024-09-26T11:33:49","slug":"interkulturelle-woche-2024-ein-rundum-sorglos-paket-deutsch-polnische-beziehungen-in-der-haeuslichen-altenbetreuung","status":"publish","type":"post","link":"https:\/\/www.dpg-goettingen.de\/?p=2940","title":{"rendered":"Interkulturelle Woche 2024: &#8222;Ein Rundum-Sorglos-Paket? Deutsch-polnische Beziehungen in der h\u00e4uslichen Altenbetreuung&#8220;"},"content":{"rendered":"\n<p>Rund 20 Teilnehmende nutzten am 24. September 2024 die Gelegenheit der Interkulturellen Woche in G\u00f6ttingen, um sich \u00fcber die Situation polnischer Betreuungskr\u00e4fte in deutschen Haushalten auszutauschen.<\/p>\n\n\n\n<p>Die Soziologin und Mitglied der DPG G\u00f6ttingen Frau Dr. Alber-Armenat gab dabei wertvolle Einblicke in ihre Forschung. Besonders hervorgehoben wurde, wie die Grenzen zwischen Arbeit und Privatheit <a><\/a>verschwimmen und unterschiedliche Lebenslagen, Sprachkenntnisse sowie Anspruchshaltungen aufeinandertreffen.<\/p>\n\n\n\n<p>Neben der Auseinandersetzung mit den zwischenmenschlichen Dynamiken r\u00fcckte auch die gesellschaftliche Verantwortung in den Fokus. Es wurde deutlich, dass der Sozialstaat in Deutschland und in anderen L\u00e4ndern Europas eine zentrale Rolle f\u00fcr die Organisation der Pflege spielt und dass die politischen Rahmenbedingungen f\u00fcr die Betreuung und Pflege dringend verbessert werden m\u00fcssen.<\/p>\n\n\n\n<p>Nur durch strukturelle Ver\u00e4nderungen k\u00f6nnen gute Arbeitsbedingungen f\u00fcr Betreuungskr\u00e4fte und gleichzeitig eine hochwertige Pflege f\u00fcr die zu betreuenden Personen sichergestellt werden.<\/p>\n\n\n\n<figure class=\"wp-block-gallery has-nested-images columns-default is-cropped wp-block-gallery-1 is-layout-flex\">\n<figure class=\"wp-block-image size-large\"><img decoding=\"async\" loading=\"lazy\" width=\"855\" height=\"1024\" data-id=\"2943\"  src=\"https:\/\/www.dpg-goettingen.de\/wp-content\/uploads\/photo_5452110324418339101_y-855x1024.jpg\" alt=\"\" class=\"wp-image-2943\" srcset=\"https:\/\/www.dpg-goettingen.de\/wp-content\/uploads\/photo_5452110324418339101_y-855x1024.jpg 855w, https:\/\/www.dpg-goettingen.de\/wp-content\/uploads\/photo_5452110324418339101_y-251x300.jpg 251w, https:\/\/www.dpg-goettingen.de\/wp-content\/uploads\/photo_5452110324418339101_y-768x920.jpg 768w, https:\/\/www.dpg-goettingen.de\/wp-content\/uploads\/photo_5452110324418339101_y.jpg 1003w\" sizes=\"(max-width: 855px) 100vw, 855px\" \/><\/figure>\n\n\n\n<figure class=\"wp-block-image size-large\"><img decoding=\"async\" loading=\"lazy\" width=\"1024\" height=\"768\" data-id=\"2941\"  src=\"https:\/\/www.dpg-goettingen.de\/wp-content\/uploads\/photo_5452110324418339103_y-1024x768.jpg\" alt=\"\" class=\"wp-image-2941\" srcset=\"https:\/\/www.dpg-goettingen.de\/wp-content\/uploads\/photo_5452110324418339103_y-1024x768.jpg 1024w, https:\/\/www.dpg-goettingen.de\/wp-content\/uploads\/photo_5452110324418339103_y-300x225.jpg 300w, https:\/\/www.dpg-goettingen.de\/wp-content\/uploads\/photo_5452110324418339103_y-768x576.jpg 768w, https:\/\/www.dpg-goettingen.de\/wp-content\/uploads\/photo_5452110324418339103_y.jpg 1280w\" sizes=\"(max-width: 1024px) 100vw, 1024px\" \/><\/figure>\n\n\n\n<figure class=\"wp-block-image size-large\"><img decoding=\"async\" loading=\"lazy\" width=\"1024\" height=\"768\" data-id=\"2945\"  src=\"https:\/\/www.dpg-goettingen.de\/wp-content\/uploads\/photo_5452110324418339105_y-1024x768.jpg\" alt=\"\" class=\"wp-image-2945\" srcset=\"https:\/\/www.dpg-goettingen.de\/wp-content\/uploads\/photo_5452110324418339105_y-1024x768.jpg 1024w, https:\/\/www.dpg-goettingen.de\/wp-content\/uploads\/photo_5452110324418339105_y-300x225.jpg 300w, https:\/\/www.dpg-goettingen.de\/wp-content\/uploads\/photo_5452110324418339105_y-768x576.jpg 768w, https:\/\/www.dpg-goettingen.de\/wp-content\/uploads\/photo_5452110324418339105_y.jpg 1280w\" sizes=\"(max-width: 1024px) 100vw, 1024px\" \/><\/figure>\n\n\n\n<figure class=\"wp-block-image size-large\"><img decoding=\"async\" loading=\"lazy\" width=\"1024\" height=\"768\" data-id=\"2942\"  src=\"https:\/\/www.dpg-goettingen.de\/wp-content\/uploads\/photo_5452110324418339100_y-1024x768.jpg\" alt=\"\" class=\"wp-image-2942\" srcset=\"https:\/\/www.dpg-goettingen.de\/wp-content\/uploads\/photo_5452110324418339100_y-1024x768.jpg 1024w, https:\/\/www.dpg-goettingen.de\/wp-content\/uploads\/photo_5452110324418339100_y-300x225.jpg 300w, https:\/\/www.dpg-goettingen.de\/wp-content\/uploads\/photo_5452110324418339100_y-768x576.jpg 768w, https:\/\/www.dpg-goettingen.de\/wp-content\/uploads\/photo_5452110324418339100_y.jpg 1280w\" sizes=\"(max-width: 1024px) 100vw, 1024px\" \/><\/figure>\n\n\n\n<figure class=\"wp-block-image size-large\"><img decoding=\"async\" loading=\"lazy\" width=\"1024\" height=\"768\" data-id=\"2944\"  src=\"https:\/\/www.dpg-goettingen.de\/wp-content\/uploads\/photo_5452110324418339102_y-1024x768.jpg\" alt=\"\" class=\"wp-image-2944\" srcset=\"https:\/\/www.dpg-goettingen.de\/wp-content\/uploads\/photo_5452110324418339102_y-1024x768.jpg 1024w, https:\/\/www.dpg-goettingen.de\/wp-content\/uploads\/photo_5452110324418339102_y-300x225.jpg 300w, https:\/\/www.dpg-goettingen.de\/wp-content\/uploads\/photo_5452110324418339102_y-768x576.jpg 768w, https:\/\/www.dpg-goettingen.de\/wp-content\/uploads\/photo_5452110324418339102_y.jpg 1280w\" sizes=\"(max-width: 1024px) 100vw, 1024px\" \/><\/figure>\n<\/figure>\n\n\n\n<figure class=\"wp-block-image size-full\"><img decoding=\"async\" loading=\"lazy\" width=\"820\" height=\"312\" src=\"https:\/\/www.dpg-goettingen.de\/wp-content\/uploads\/02-Auge2024_FB-Titelbild.png\" alt=\"\" class=\"wp-image-2925\" srcset=\"https:\/\/www.dpg-goettingen.de\/wp-content\/uploads\/02-Auge2024_FB-Titelbild.png 820w, https:\/\/www.dpg-goettingen.de\/wp-content\/uploads\/02-Auge2024_FB-Titelbild-300x114.png 300w, https:\/\/www.dpg-goettingen.de\/wp-content\/uploads\/02-Auge2024_FB-Titelbild-768x292.png 768w\" sizes=\"(max-width: 820px) 100vw, 820px\" \/><\/figure>\n","protected":false},"excerpt":{"rendered":"<p>Rund 20 Teilnehmende nutzten am 24. September 2024 die Gelegenheit der Interkulturellen Woche in G\u00f6ttingen, um sich \u00fcber die Situation polnischer Betreuungskr\u00e4fte in deutschen Haushalten&hellip;<\/p>\n","protected":false},"author":9,"featured_media":2937,"comment_status":"open","ping_status":"open","sticky":false,"template":"","format":"standard","meta":[],"categories":[1],"tags":[],"_links":{"self":[{"href":"https:\/\/www.dpg-goettingen.de\/index.php?rest_route=\/wp\/v2\/posts\/2940"}],"collection":[{"href":"https:\/\/www.dpg-goettingen.de\/index.php?rest_route=\/wp\/v2\/posts"}],"about":[{"href":"https:\/\/www.dpg-goettingen.de\/index.php?rest_route=\/wp\/v2\/types\/post"}],"author":[{"embeddable":true,"href":"https:\/\/www.dpg-goettingen.de\/index.php?rest_route=\/wp\/v2\/users\/9"}],"replies":[{"embeddable":true,"href":"https:\/\/www.dpg-goettingen.de\/index.php?rest_route=%2Fwp%2Fv2%2Fcomments&post=2940"}],"version-history":[{"count":2,"href":"https:\/\/www.dpg-goettingen.de\/index.php?rest_route=\/wp\/v2\/posts\/2940\/revisions"}],"predecessor-version":[{"id":2950,"href":"https:\/\/www.dpg-goettingen.de\/index.php?rest_route=\/wp\/v2\/posts\/2940\/revisions\/2950"}],"wp:featuredmedia":[{"embeddable":true,"href":"https:\/\/www.dpg-goettingen.de\/index.php?rest_route=\/wp\/v2\/media\/2937"}],"wp:attachment":[{"href":"https:\/\/www.dpg-goettingen.de\/index.php?rest_route=%2Fwp%2Fv2%2Fmedia&parent=2940"}],"wp:term":[{"taxonomy":"category","embeddable":true,"href":"https:\/\/www.dpg-goettingen.de\/index.php?rest_route=%2Fwp%2Fv2%2Fcategories&post=2940"},{"taxonomy":"post_tag","embeddable":true,"href":"https:\/\/www.dpg-goettingen.de\/index.php?rest_route=%2Fwp%2Fv2%2Ftags&post=2940"}],"curies":[{"name":"wp","href":"https:\/\/api.w.org\/{rel}","templated":true}]}}