{"id":3241,"date":"2025-07-13T17:06:39","date_gmt":"2025-07-13T16:06:39","guid":{"rendered":"https:\/\/www.dpg-goettingen.de\/?p=3241"},"modified":"2025-07-14T06:36:21","modified_gmt":"2025-07-14T05:36:21","slug":"3241","status":"publish","type":"post","link":"https:\/\/www.dpg-goettingen.de\/?p=3241","title":{"rendered":"Bericht \u00fcber die erste Jahresh\u00e4lfte 2025 der DPG G\u00f6ttingen"},"content":{"rendered":"\n<p><\/p>\n\n\n\n<p>Die erste Jahresh\u00e4lfte 2025 war f\u00fcr uns eine Zeit intensiver Begegnungen, Diskussionen und gelebter Partnerschaft zwischen G\u00f6ttingen und Toru\u0144. Wir m\u00f6chten hier einen Einblick in die vielf\u00e4ltigen Veranstaltungen geben, mit denen wir den deutsch-polnischen Austausch in G\u00f6ttingen und dar\u00fcber hinaus weiterentwickelt und vertieft haben.<\/p>\n\n\n\n<p>Den Auftakt bildete Ende Januar eine Online-Videokonferenz mit Dr. Agnieszka \u0141ada-Konefa\u0142 vom Deutschen Polen-Institut zum \u201eDeutsch-Polnischen Barometer\u201c. Interessierte informierten sich \u00fcber aktuelle Trends und gegenseitige Wahrnehmungen in den deutsch-polnischen Beziehungen und diskutierten engagiert, welche Herausforderungen und Chancen sich daraus f\u00fcr die Zukunft Europas ergeben.<\/p>\n\n\n\n<figure class=\"wp-block-image size-large is-resized\"><img decoding=\"async\" loading=\"lazy\" src=\"https:\/\/www.dpg-goettingen.de\/wp-content\/uploads\/484323835_1019645470210063_8926273176301871818_n-1024x1024.jpg\" alt=\"\" class=\"wp-image-3242\" width=\"497\" height=\"497\" srcset=\"https:\/\/www.dpg-goettingen.de\/wp-content\/uploads\/484323835_1019645470210063_8926273176301871818_n-1024x1024.jpg 1024w, https:\/\/www.dpg-goettingen.de\/wp-content\/uploads\/484323835_1019645470210063_8926273176301871818_n-300x300.jpg 300w, https:\/\/www.dpg-goettingen.de\/wp-content\/uploads\/484323835_1019645470210063_8926273176301871818_n-150x150.jpg 150w, https:\/\/www.dpg-goettingen.de\/wp-content\/uploads\/484323835_1019645470210063_8926273176301871818_n-768x768.jpg 768w, https:\/\/www.dpg-goettingen.de\/wp-content\/uploads\/484323835_1019645470210063_8926273176301871818_n-1536x1536.jpg 1536w, https:\/\/www.dpg-goettingen.de\/wp-content\/uploads\/484323835_1019645470210063_8926273176301871818_n-600x600.jpg 600w, https:\/\/www.dpg-goettingen.de\/wp-content\/uploads\/484323835_1019645470210063_8926273176301871818_n.jpg 2000w\" sizes=\"(max-width: 497px) 100vw, 497px\" \/><\/figure>\n\n\n\n<p><\/p>\n\n\n\n<p>Im Februar stand ein wichtiges Zeichen der Solidarit\u00e4t auf dem Programm. Gemeinsam mit der Ukrainisch-Deutschen Gemeinschaft in S\u00fcdniedersachsen und der Europa-Union G\u00f6ttingen beteiligten wir uns an der Organisation der Kundgebung f\u00fcr die Ukraine in G\u00f6ttingen. Zum dritten Jahrestag des russischen \u00dcberfalls versammelten sich Menschen zu Friedensgebet, Schweigemarsch und einer Kundgebung auf dem Marktplatz. Musikalische Beitr\u00e4ge ukrainischer K\u00fcnstlerinnen sowie Redebeitr\u00e4ge von Bundestagsabgeordneten und zivilgesellschaftlichen und kommunalpolitischen Vertreter*innen unterstrichen die Dringlichkeit, f\u00fcr Frieden und Freiheit in Europa einzutreten.<\/p>\n\n\n\n<figure class=\"wp-block-gallery has-nested-images columns-default is-cropped wp-block-gallery-1 is-layout-flex\">\n<figure class=\"wp-block-image size-large\"><img decoding=\"async\" loading=\"lazy\" width=\"1024\" height=\"682\" data-id=\"3139\"  src=\"https:\/\/www.dpg-goettingen.de\/wp-content\/uploads\/8ae3dec7-4a0c-4b13-a0c4-f2669967a6f8-1024x682.jpg\" alt=\"\" class=\"wp-image-3139\" srcset=\"https:\/\/www.dpg-goettingen.de\/wp-content\/uploads\/8ae3dec7-4a0c-4b13-a0c4-f2669967a6f8-1024x682.jpg 1024w, https:\/\/www.dpg-goettingen.de\/wp-content\/uploads\/8ae3dec7-4a0c-4b13-a0c4-f2669967a6f8-300x200.jpg 300w, https:\/\/www.dpg-goettingen.de\/wp-content\/uploads\/8ae3dec7-4a0c-4b13-a0c4-f2669967a6f8-768x512.jpg 768w, https:\/\/www.dpg-goettingen.de\/wp-content\/uploads\/8ae3dec7-4a0c-4b13-a0c4-f2669967a6f8-1536x1023.jpg 1536w, https:\/\/www.dpg-goettingen.de\/wp-content\/uploads\/8ae3dec7-4a0c-4b13-a0c4-f2669967a6f8.jpg 2048w\" sizes=\"(max-width: 1024px) 100vw, 1024px\" \/><\/figure>\n\n\n\n<figure class=\"wp-block-image size-large\"><img decoding=\"async\" loading=\"lazy\" width=\"1024\" height=\"683\" data-id=\"3133\"  src=\"https:\/\/www.dpg-goettingen.de\/wp-content\/uploads\/5d615346-6020-4b1c-8822-fe9c0c34e18f-1024x683.jpg\" alt=\"\" class=\"wp-image-3133\" srcset=\"https:\/\/www.dpg-goettingen.de\/wp-content\/uploads\/5d615346-6020-4b1c-8822-fe9c0c34e18f-1024x683.jpg 1024w, https:\/\/www.dpg-goettingen.de\/wp-content\/uploads\/5d615346-6020-4b1c-8822-fe9c0c34e18f-300x200.jpg 300w, https:\/\/www.dpg-goettingen.de\/wp-content\/uploads\/5d615346-6020-4b1c-8822-fe9c0c34e18f-768x512.jpg 768w, https:\/\/www.dpg-goettingen.de\/wp-content\/uploads\/5d615346-6020-4b1c-8822-fe9c0c34e18f-1536x1024.jpg 1536w, https:\/\/www.dpg-goettingen.de\/wp-content\/uploads\/5d615346-6020-4b1c-8822-fe9c0c34e18f.jpg 2048w\" sizes=\"(max-width: 1024px) 100vw, 1024px\" \/><\/figure>\n\n\n\n<figure class=\"wp-block-image size-large\"><img decoding=\"async\" loading=\"lazy\" width=\"1024\" height=\"683\" data-id=\"3146\"  src=\"https:\/\/www.dpg-goettingen.de\/wp-content\/uploads\/42277d5a-0052-426d-99ab-f03a7bd1db5d-1024x683.jpg\" alt=\"\" class=\"wp-image-3146\" srcset=\"https:\/\/www.dpg-goettingen.de\/wp-content\/uploads\/42277d5a-0052-426d-99ab-f03a7bd1db5d-1024x683.jpg 1024w, https:\/\/www.dpg-goettingen.de\/wp-content\/uploads\/42277d5a-0052-426d-99ab-f03a7bd1db5d-300x200.jpg 300w, https:\/\/www.dpg-goettingen.de\/wp-content\/uploads\/42277d5a-0052-426d-99ab-f03a7bd1db5d-768x512.jpg 768w, https:\/\/www.dpg-goettingen.de\/wp-content\/uploads\/42277d5a-0052-426d-99ab-f03a7bd1db5d-1536x1024.jpg 1536w, https:\/\/www.dpg-goettingen.de\/wp-content\/uploads\/42277d5a-0052-426d-99ab-f03a7bd1db5d.jpg 2048w\" sizes=\"(max-width: 1024px) 100vw, 1024px\" \/><\/figure>\n\n\n\n<figure class=\"wp-block-image size-large\"><img decoding=\"async\" loading=\"lazy\" width=\"1024\" height=\"682\" data-id=\"3152\"  src=\"https:\/\/www.dpg-goettingen.de\/wp-content\/uploads\/92a93bcd-7a82-4c43-8ad3-e8bb24b67feb-1024x682.jpg\" alt=\"\" class=\"wp-image-3152\" srcset=\"https:\/\/www.dpg-goettingen.de\/wp-content\/uploads\/92a93bcd-7a82-4c43-8ad3-e8bb24b67feb-1024x682.jpg 1024w, https:\/\/www.dpg-goettingen.de\/wp-content\/uploads\/92a93bcd-7a82-4c43-8ad3-e8bb24b67feb-300x200.jpg 300w, https:\/\/www.dpg-goettingen.de\/wp-content\/uploads\/92a93bcd-7a82-4c43-8ad3-e8bb24b67feb-768x512.jpg 768w, https:\/\/www.dpg-goettingen.de\/wp-content\/uploads\/92a93bcd-7a82-4c43-8ad3-e8bb24b67feb-1536x1023.jpg 1536w, https:\/\/www.dpg-goettingen.de\/wp-content\/uploads\/92a93bcd-7a82-4c43-8ad3-e8bb24b67feb.jpg 2048w\" sizes=\"(max-width: 1024px) 100vw, 1024px\" \/><\/figure>\n\n\n\n<figure class=\"wp-block-image size-large\"><img decoding=\"async\" loading=\"lazy\" width=\"724\" height=\"1024\" data-id=\"3096\"  src=\"https:\/\/www.dpg-goettingen.de\/wp-content\/uploads\/479398090_997740449067232_9084445320207656782_n-724x1024.jpg\" alt=\"\" class=\"wp-image-3096\" srcset=\"https:\/\/www.dpg-goettingen.de\/wp-content\/uploads\/479398090_997740449067232_9084445320207656782_n-724x1024.jpg 724w, https:\/\/www.dpg-goettingen.de\/wp-content\/uploads\/479398090_997740449067232_9084445320207656782_n-212x300.jpg 212w, https:\/\/www.dpg-goettingen.de\/wp-content\/uploads\/479398090_997740449067232_9084445320207656782_n-768x1086.jpg 768w, https:\/\/www.dpg-goettingen.de\/wp-content\/uploads\/479398090_997740449067232_9084445320207656782_n-1086x1536.jpg 1086w, https:\/\/www.dpg-goettingen.de\/wp-content\/uploads\/479398090_997740449067232_9084445320207656782_n.jpg 1131w\" sizes=\"(max-width: 724px) 100vw, 724px\" \/><\/figure>\n<\/figure>\n\n\n\n<p><\/p>\n\n\n\n<p>Mit dem Polen-Experten Dr. Matthias Kneip konnten wir im Rahmen zweier Veranstaltungen Wissen vermitteln und Neugier wecken. In der Galerie Alte Feuerwache beleuchtete er den Roman \u201eQuo vadis\u201c von Henryk Sienkiewicz und dessen Bedeutung f\u00fcr die polnische Geschichte. Zudem fand an der Geschwister-Scholl-Gesamtschule eine Lesung und Diskussion zum Thema \u201e111 Gr\u00fcnde, Polen zu lieben\u201c statt. Die Sch\u00fclerinnen und Sch\u00fcler der 10. Klassen beteiligten sich aufmerksam und lebhaft \u2013 ein gelungener Auftakt f\u00fcr eine neue Bildungspartnerschaft, \u00fcber die wir uns besonders freuen.<\/p>\n\n\n\n<figure class=\"wp-block-gallery has-nested-images columns-default is-cropped wp-block-gallery-3 is-layout-flex\">\n<figure class=\"wp-block-image size-large\"><img decoding=\"async\" loading=\"lazy\" width=\"768\" height=\"1024\" data-id=\"3264\"  src=\"https:\/\/www.dpg-goettingen.de\/wp-content\/uploads\/483487813_1020307576810519_4654621796071094359_n-768x1024.jpg\" alt=\"\" class=\"wp-image-3264\" srcset=\"https:\/\/www.dpg-goettingen.de\/wp-content\/uploads\/483487813_1020307576810519_4654621796071094359_n-768x1024.jpg 768w, https:\/\/www.dpg-goettingen.de\/wp-content\/uploads\/483487813_1020307576810519_4654621796071094359_n-225x300.jpg 225w, https:\/\/www.dpg-goettingen.de\/wp-content\/uploads\/483487813_1020307576810519_4654621796071094359_n.jpg 1080w\" sizes=\"(max-width: 768px) 100vw, 768px\" \/><\/figure>\n\n\n\n<figure class=\"wp-block-image size-large\"><img decoding=\"async\" loading=\"lazy\" width=\"1024\" height=\"768\" data-id=\"3266\"  src=\"https:\/\/www.dpg-goettingen.de\/wp-content\/uploads\/483524810_1020307680143842_6234101172192705088_n-1024x768.jpg\" alt=\"\" class=\"wp-image-3266\" srcset=\"https:\/\/www.dpg-goettingen.de\/wp-content\/uploads\/483524810_1020307680143842_6234101172192705088_n-1024x768.jpg 1024w, https:\/\/www.dpg-goettingen.de\/wp-content\/uploads\/483524810_1020307680143842_6234101172192705088_n-300x225.jpg 300w, https:\/\/www.dpg-goettingen.de\/wp-content\/uploads\/483524810_1020307680143842_6234101172192705088_n-768x576.jpg 768w, https:\/\/www.dpg-goettingen.de\/wp-content\/uploads\/483524810_1020307680143842_6234101172192705088_n.jpg 1440w\" sizes=\"(max-width: 1024px) 100vw, 1024px\" \/><\/figure>\n\n\n\n<figure class=\"wp-block-image size-large\"><img decoding=\"async\" loading=\"lazy\" width=\"1024\" height=\"768\" data-id=\"3267\"  src=\"https:\/\/www.dpg-goettingen.de\/wp-content\/uploads\/484483107_1020307626810514_6312546571038925472_n-1024x768.jpg\" alt=\"\" class=\"wp-image-3267\" srcset=\"https:\/\/www.dpg-goettingen.de\/wp-content\/uploads\/484483107_1020307626810514_6312546571038925472_n-1024x768.jpg 1024w, https:\/\/www.dpg-goettingen.de\/wp-content\/uploads\/484483107_1020307626810514_6312546571038925472_n-300x225.jpg 300w, https:\/\/www.dpg-goettingen.de\/wp-content\/uploads\/484483107_1020307626810514_6312546571038925472_n-768x576.jpg 768w, https:\/\/www.dpg-goettingen.de\/wp-content\/uploads\/484483107_1020307626810514_6312546571038925472_n.jpg 1440w\" sizes=\"(max-width: 1024px) 100vw, 1024px\" \/><\/figure>\n\n\n\n<figure class=\"wp-block-image size-large\"><img decoding=\"async\" loading=\"lazy\" width=\"768\" height=\"1024\" data-id=\"3265\"  src=\"https:\/\/www.dpg-goettingen.de\/wp-content\/uploads\/484172491_1020307580143852_3235439458554081182_n-768x1024.jpg\" alt=\"\" class=\"wp-image-3265\" srcset=\"https:\/\/www.dpg-goettingen.de\/wp-content\/uploads\/484172491_1020307580143852_3235439458554081182_n-768x1024.jpg 768w, https:\/\/www.dpg-goettingen.de\/wp-content\/uploads\/484172491_1020307580143852_3235439458554081182_n-225x300.jpg 225w, https:\/\/www.dpg-goettingen.de\/wp-content\/uploads\/484172491_1020307580143852_3235439458554081182_n.jpg 1080w\" sizes=\"(max-width: 768px) 100vw, 768px\" \/><\/figure>\n\n\n\n<figure class=\"wp-block-image size-large\"><img decoding=\"async\" loading=\"lazy\" width=\"819\" height=\"1024\" data-id=\"3268\"  src=\"https:\/\/www.dpg-goettingen.de\/wp-content\/uploads\/487710667_1032668815574395_1532362799014540301_n-1-819x1024.jpg\" alt=\"\" class=\"wp-image-3268\" srcset=\"https:\/\/www.dpg-goettingen.de\/wp-content\/uploads\/487710667_1032668815574395_1532362799014540301_n-1-819x1024.jpg 819w, https:\/\/www.dpg-goettingen.de\/wp-content\/uploads\/487710667_1032668815574395_1532362799014540301_n-1-240x300.jpg 240w, https:\/\/www.dpg-goettingen.de\/wp-content\/uploads\/487710667_1032668815574395_1532362799014540301_n-1-768x960.jpg 768w, https:\/\/www.dpg-goettingen.de\/wp-content\/uploads\/487710667_1032668815574395_1532362799014540301_n-1-1229x1536.jpg 1229w, https:\/\/www.dpg-goettingen.de\/wp-content\/uploads\/487710667_1032668815574395_1532362799014540301_n-1.jpg 1638w\" sizes=\"(max-width: 819px) 100vw, 819px\" \/><\/figure>\n<\/figure>\n\n\n\n<p><\/p>\n\n\n\n<p>Im April luden wir zu einem besonderen literarischen Abend in die Galerie Alte Feuerwache ein. Prof. Dr. Peter Oliver Loew stellte seinen ins Deutsche \u00fcbersetzten Band \u201eIch habe eine Barrikade gebaut\u201c mit Gedichten von Anna \u015awirszczy\u0144ska vor. Die eindringlichen Texte \u00fcber ihre Erlebnisse w\u00e4hrend des Warschauer Aufstands beeindruckten die Versammelten tief und f\u00fchrten zu einer lebhaften Diskussion \u00fcber Erinnerungskultur und \u00dcbersetzungsarbeit.<\/p>\n\n\n\n<figure class=\"wp-block-gallery has-nested-images columns-default is-cropped wp-block-gallery-5 is-layout-flex\">\n<figure class=\"wp-block-image size-large\"><img decoding=\"async\" loading=\"lazy\" width=\"1024\" height=\"771\" data-id=\"3271\"  src=\"https:\/\/www.dpg-goettingen.de\/wp-content\/uploads\/492008693_1051128553728421_5073947935678047070_n-1024x771.jpg\" alt=\"\" class=\"wp-image-3271\" srcset=\"https:\/\/www.dpg-goettingen.de\/wp-content\/uploads\/492008693_1051128553728421_5073947935678047070_n-1024x771.jpg 1024w, https:\/\/www.dpg-goettingen.de\/wp-content\/uploads\/492008693_1051128553728421_5073947935678047070_n-300x226.jpg 300w, https:\/\/www.dpg-goettingen.de\/wp-content\/uploads\/492008693_1051128553728421_5073947935678047070_n-768x578.jpg 768w, https:\/\/www.dpg-goettingen.de\/wp-content\/uploads\/492008693_1051128553728421_5073947935678047070_n-1536x1157.jpg 1536w, https:\/\/www.dpg-goettingen.de\/wp-content\/uploads\/492008693_1051128553728421_5073947935678047070_n.jpg 2048w\" sizes=\"(max-width: 1024px) 100vw, 1024px\" \/><\/figure>\n\n\n\n<figure class=\"wp-block-image size-large\"><img decoding=\"async\" loading=\"lazy\" width=\"798\" height=\"1024\" data-id=\"3269\"  src=\"https:\/\/www.dpg-goettingen.de\/wp-content\/uploads\/492004372_1051128413728435_3906655890597172872_n-798x1024.jpg\" alt=\"\" class=\"wp-image-3269\" srcset=\"https:\/\/www.dpg-goettingen.de\/wp-content\/uploads\/492004372_1051128413728435_3906655890597172872_n-798x1024.jpg 798w, https:\/\/www.dpg-goettingen.de\/wp-content\/uploads\/492004372_1051128413728435_3906655890597172872_n-234x300.jpg 234w, https:\/\/www.dpg-goettingen.de\/wp-content\/uploads\/492004372_1051128413728435_3906655890597172872_n-768x986.jpg 768w, https:\/\/www.dpg-goettingen.de\/wp-content\/uploads\/492004372_1051128413728435_3906655890597172872_n-1196x1536.jpg 1196w, https:\/\/www.dpg-goettingen.de\/wp-content\/uploads\/492004372_1051128413728435_3906655890597172872_n.jpg 1595w\" sizes=\"(max-width: 798px) 100vw, 798px\" \/><\/figure>\n\n\n\n<figure class=\"wp-block-image size-large\"><img decoding=\"async\" loading=\"lazy\" width=\"819\" height=\"1024\" data-id=\"3270\"  src=\"https:\/\/www.dpg-goettingen.de\/wp-content\/uploads\/486043208_1033126888861921_9087230069711798411_n-1-819x1024.jpg\" alt=\"\" class=\"wp-image-3270\" srcset=\"https:\/\/www.dpg-goettingen.de\/wp-content\/uploads\/486043208_1033126888861921_9087230069711798411_n-1-819x1024.jpg 819w, https:\/\/www.dpg-goettingen.de\/wp-content\/uploads\/486043208_1033126888861921_9087230069711798411_n-1-240x300.jpg 240w, https:\/\/www.dpg-goettingen.de\/wp-content\/uploads\/486043208_1033126888861921_9087230069711798411_n-1-768x960.jpg 768w, https:\/\/www.dpg-goettingen.de\/wp-content\/uploads\/486043208_1033126888861921_9087230069711798411_n-1.jpg 1080w\" sizes=\"(max-width: 819px) 100vw, 819px\" \/><\/figure>\n<\/figure>\n\n\n\n<p>Im Mai folgte ein weiterer literarischer Schwerpunkt mit dem Vortrag von Dr. Hans-Christian Trepte zu \u201eGrenz\u00fcberschreitung, Grenzerfahrung und Entgrenzung in der zeitgen\u00f6ssischen polnischen Literatur\u201c. Dabei wurden Werke von Andrzej Stasiuk, Joanna Bator, Szczepan Twardoch, Olga Tokarczuk und Tomasz Jedrowski beleuchtet. Im Mittelpunkt standen Fragen nach Identit\u00e4t, Fremdsein und den Chancen, die Grenz\u00fcberschreitungen in einer globalisierten Welt bieten.<\/p>\n\n\n\n<figure class=\"wp-block-gallery has-nested-images columns-default is-cropped wp-block-gallery-7 is-layout-flex\">\n<figure class=\"wp-block-image size-large\"><img decoding=\"async\" loading=\"lazy\" width=\"1024\" height=\"771\" data-id=\"3274\"  src=\"https:\/\/www.dpg-goettingen.de\/wp-content\/uploads\/495862370_1064294485745161_8721139124156473454_n-1024x771.jpg\" alt=\"\" class=\"wp-image-3274\" srcset=\"https:\/\/www.dpg-goettingen.de\/wp-content\/uploads\/495862370_1064294485745161_8721139124156473454_n-1024x771.jpg 1024w, https:\/\/www.dpg-goettingen.de\/wp-content\/uploads\/495862370_1064294485745161_8721139124156473454_n-300x226.jpg 300w, https:\/\/www.dpg-goettingen.de\/wp-content\/uploads\/495862370_1064294485745161_8721139124156473454_n-768x578.jpg 768w, https:\/\/www.dpg-goettingen.de\/wp-content\/uploads\/495862370_1064294485745161_8721139124156473454_n-1536x1157.jpg 1536w, https:\/\/www.dpg-goettingen.de\/wp-content\/uploads\/495862370_1064294485745161_8721139124156473454_n.jpg 2048w\" sizes=\"(max-width: 1024px) 100vw, 1024px\" \/><\/figure>\n\n\n\n<figure class=\"wp-block-image size-large\"><img decoding=\"async\" loading=\"lazy\" width=\"748\" height=\"1024\" data-id=\"3272\"  src=\"https:\/\/www.dpg-goettingen.de\/wp-content\/uploads\/495158094_1064294249078518_1792369091278421987_n-748x1024.jpg\" alt=\"\" class=\"wp-image-3272\" srcset=\"https:\/\/www.dpg-goettingen.de\/wp-content\/uploads\/495158094_1064294249078518_1792369091278421987_n-748x1024.jpg 748w, https:\/\/www.dpg-goettingen.de\/wp-content\/uploads\/495158094_1064294249078518_1792369091278421987_n-219x300.jpg 219w, https:\/\/www.dpg-goettingen.de\/wp-content\/uploads\/495158094_1064294249078518_1792369091278421987_n-768x1051.jpg 768w, https:\/\/www.dpg-goettingen.de\/wp-content\/uploads\/495158094_1064294249078518_1792369091278421987_n.jpg 983w\" sizes=\"(max-width: 748px) 100vw, 748px\" \/><\/figure>\n\n\n\n<figure class=\"wp-block-image size-large\"><img decoding=\"async\" loading=\"lazy\" width=\"819\" height=\"1024\" data-id=\"3273\"  src=\"https:\/\/www.dpg-goettingen.de\/wp-content\/uploads\/491927826_1051801863661090_7714420480443020918_n-1-819x1024.jpg\" alt=\"\" class=\"wp-image-3273\" srcset=\"https:\/\/www.dpg-goettingen.de\/wp-content\/uploads\/491927826_1051801863661090_7714420480443020918_n-1-819x1024.jpg 819w, https:\/\/www.dpg-goettingen.de\/wp-content\/uploads\/491927826_1051801863661090_7714420480443020918_n-1-240x300.jpg 240w, https:\/\/www.dpg-goettingen.de\/wp-content\/uploads\/491927826_1051801863661090_7714420480443020918_n-1-768x960.jpg 768w, https:\/\/www.dpg-goettingen.de\/wp-content\/uploads\/491927826_1051801863661090_7714420480443020918_n-1.jpg 1080w\" sizes=\"(max-width: 819px) 100vw, 819px\" \/><\/figure>\n<\/figure>\n\n\n\n<p><\/p>\n\n\n\n<p>Ein H\u00f6hepunkt der ersten Jahresh\u00e4lfte waren die 6. G\u00f6ttingen-Thorner Gespr\u00e4che, die vom 30. Mai bis 1. Juni 2025 in Thorn\/Toru\u0144 stattfanden. Unter dem Motto \u201eNeue Perspektiven wagen \u2013 deutsch-polnischen Dialog neu denken\u201c reisten \u00fcber 100 Teilnehmende an, darunter 25 aus G\u00f6ttingen. Wir diskutierten in drei Podien \u00fcber die Rolle der Zivilgesellschaft, die Bedeutung der Medien f\u00fcr den Dialog und \u00fcber nachhaltige grenz\u00fcberschreitende Initiativen. Ein Theaterst\u00fcck setzte einen k\u00fcnstlerischen Akzent, und eine gemeinsame Weichsel-Fahrt bot Raum f\u00fcr Gespr\u00e4che und neue Freundschaften. Wir danken allen, die dabei waren, besonders G\u00f6ttingens B\u00fcrgermeisterin Onyeka Oshionwu f\u00fcr ihr Gru\u00dfwort, dem Trio Aurea f\u00fcr die musikalische Umrahmung und unserem Organisationsteam (Renate Borchardt, Thomas Kunze und Harm Adam) f\u00fcr Gru\u00dfworte und Moderationen. Auch die Europa-Union G\u00f6ttingen war als Partner aktiv dabei. F\u00fcr die deutsch-polnischen Beziehungen bleiben wir optimistisch \u2013 wenn wir gemeinsam im Dialog Ziele entwickeln und diese nach au\u00dfen vertreten, k\u00f6nnen wir viel bewegen.<\/p>\n\n\n\n<figure class=\"wp-block-gallery has-nested-images columns-default is-cropped wp-block-gallery-9 is-layout-flex\">\n<figure class=\"wp-block-image size-large\"><img decoding=\"async\" loading=\"lazy\" width=\"1024\" height=\"681\" data-id=\"3247\"  src=\"https:\/\/www.dpg-goettingen.de\/wp-content\/uploads\/493217817_1180182834121563_451702466055912714_n-1024x681.jpg\" alt=\"\" class=\"wp-image-3247\" srcset=\"https:\/\/www.dpg-goettingen.de\/wp-content\/uploads\/493217817_1180182834121563_451702466055912714_n-1024x681.jpg 1024w, https:\/\/www.dpg-goettingen.de\/wp-content\/uploads\/493217817_1180182834121563_451702466055912714_n-300x200.jpg 300w, https:\/\/www.dpg-goettingen.de\/wp-content\/uploads\/493217817_1180182834121563_451702466055912714_n-768x511.jpg 768w, https:\/\/www.dpg-goettingen.de\/wp-content\/uploads\/493217817_1180182834121563_451702466055912714_n-1536x1022.jpg 1536w, https:\/\/www.dpg-goettingen.de\/wp-content\/uploads\/493217817_1180182834121563_451702466055912714_n.jpg 2048w\" sizes=\"(max-width: 1024px) 100vw, 1024px\" \/><\/figure>\n\n\n\n<figure class=\"wp-block-image size-large\"><img decoding=\"async\" loading=\"lazy\" width=\"1024\" height=\"681\" data-id=\"3250\"  src=\"https:\/\/www.dpg-goettingen.de\/wp-content\/uploads\/502946961_1180122894127557_5672470927728576950_n-1024x681.jpg\" alt=\"\" class=\"wp-image-3250\" srcset=\"https:\/\/www.dpg-goettingen.de\/wp-content\/uploads\/502946961_1180122894127557_5672470927728576950_n-1024x681.jpg 1024w, https:\/\/www.dpg-goettingen.de\/wp-content\/uploads\/502946961_1180122894127557_5672470927728576950_n-300x200.jpg 300w, https:\/\/www.dpg-goettingen.de\/wp-content\/uploads\/502946961_1180122894127557_5672470927728576950_n-768x511.jpg 768w, https:\/\/www.dpg-goettingen.de\/wp-content\/uploads\/502946961_1180122894127557_5672470927728576950_n-1536x1022.jpg 1536w, https:\/\/www.dpg-goettingen.de\/wp-content\/uploads\/502946961_1180122894127557_5672470927728576950_n.jpg 2048w\" sizes=\"(max-width: 1024px) 100vw, 1024px\" \/><\/figure>\n\n\n\n<figure class=\"wp-block-image size-large\"><img decoding=\"async\" loading=\"lazy\" width=\"1024\" height=\"681\" data-id=\"3253\"  src=\"https:\/\/www.dpg-goettingen.de\/wp-content\/uploads\/495745481_1180123304127516_1581411134191198919_n-1024x681.jpg\" alt=\"\" class=\"wp-image-3253\" srcset=\"https:\/\/www.dpg-goettingen.de\/wp-content\/uploads\/495745481_1180123304127516_1581411134191198919_n-1024x681.jpg 1024w, https:\/\/www.dpg-goettingen.de\/wp-content\/uploads\/495745481_1180123304127516_1581411134191198919_n-300x200.jpg 300w, https:\/\/www.dpg-goettingen.de\/wp-content\/uploads\/495745481_1180123304127516_1581411134191198919_n-768x511.jpg 768w, https:\/\/www.dpg-goettingen.de\/wp-content\/uploads\/495745481_1180123304127516_1581411134191198919_n-1536x1022.jpg 1536w, https:\/\/www.dpg-goettingen.de\/wp-content\/uploads\/495745481_1180123304127516_1581411134191198919_n.jpg 2048w\" sizes=\"(max-width: 1024px) 100vw, 1024px\" \/><\/figure>\n\n\n\n<figure class=\"wp-block-image size-large\"><img decoding=\"async\" loading=\"lazy\" width=\"1024\" height=\"681\" data-id=\"3251\"  src=\"https:\/\/www.dpg-goettingen.de\/wp-content\/uploads\/503270191_1180122907460889_4731658928096287972_n-1024x681.jpg\" alt=\"\" class=\"wp-image-3251\" srcset=\"https:\/\/www.dpg-goettingen.de\/wp-content\/uploads\/503270191_1180122907460889_4731658928096287972_n-1024x681.jpg 1024w, https:\/\/www.dpg-goettingen.de\/wp-content\/uploads\/503270191_1180122907460889_4731658928096287972_n-300x200.jpg 300w, https:\/\/www.dpg-goettingen.de\/wp-content\/uploads\/503270191_1180122907460889_4731658928096287972_n-768x511.jpg 768w, https:\/\/www.dpg-goettingen.de\/wp-content\/uploads\/503270191_1180122907460889_4731658928096287972_n-1536x1022.jpg 1536w, https:\/\/www.dpg-goettingen.de\/wp-content\/uploads\/503270191_1180122907460889_4731658928096287972_n.jpg 2048w\" sizes=\"(max-width: 1024px) 100vw, 1024px\" \/><\/figure>\n\n\n\n<figure class=\"wp-block-image size-large\"><img decoding=\"async\" loading=\"lazy\" width=\"681\" height=\"1024\" data-id=\"3252\"  src=\"https:\/\/www.dpg-goettingen.de\/wp-content\/uploads\/503096598_1180123400794173_9106281778030593650_n-681x1024.jpg\" alt=\"\" class=\"wp-image-3252\" srcset=\"https:\/\/www.dpg-goettingen.de\/wp-content\/uploads\/503096598_1180123400794173_9106281778030593650_n-681x1024.jpg 681w, https:\/\/www.dpg-goettingen.de\/wp-content\/uploads\/503096598_1180123400794173_9106281778030593650_n-200x300.jpg 200w, https:\/\/www.dpg-goettingen.de\/wp-content\/uploads\/503096598_1180123400794173_9106281778030593650_n-768x1155.jpg 768w, https:\/\/www.dpg-goettingen.de\/wp-content\/uploads\/503096598_1180123400794173_9106281778030593650_n-1022x1536.jpg 1022w, https:\/\/www.dpg-goettingen.de\/wp-content\/uploads\/503096598_1180123400794173_9106281778030593650_n.jpg 1362w\" sizes=\"(max-width: 681px) 100vw, 681px\" \/><\/figure>\n\n\n\n<figure class=\"wp-block-image size-large\"><img decoding=\"async\" loading=\"lazy\" width=\"1024\" height=\"681\" data-id=\"3249\"  src=\"https:\/\/www.dpg-goettingen.de\/wp-content\/uploads\/501044041_1180123054127541_7108659671354240345_n-1024x681.jpg\" alt=\"\" class=\"wp-image-3249\" srcset=\"https:\/\/www.dpg-goettingen.de\/wp-content\/uploads\/501044041_1180123054127541_7108659671354240345_n-1024x681.jpg 1024w, https:\/\/www.dpg-goettingen.de\/wp-content\/uploads\/501044041_1180123054127541_7108659671354240345_n-300x200.jpg 300w, https:\/\/www.dpg-goettingen.de\/wp-content\/uploads\/501044041_1180123054127541_7108659671354240345_n-768x511.jpg 768w, https:\/\/www.dpg-goettingen.de\/wp-content\/uploads\/501044041_1180123054127541_7108659671354240345_n-1536x1022.jpg 1536w, https:\/\/www.dpg-goettingen.de\/wp-content\/uploads\/501044041_1180123054127541_7108659671354240345_n.jpg 2048w\" sizes=\"(max-width: 1024px) 100vw, 1024px\" \/><\/figure>\n\n\n\n<figure class=\"wp-block-image size-large\"><img decoding=\"async\" loading=\"lazy\" width=\"1024\" height=\"681\" data-id=\"3254\"  src=\"https:\/\/www.dpg-goettingen.de\/wp-content\/uploads\/503451074_1180123057460874_3359162274120579744_n-1024x681.jpg\" alt=\"\" class=\"wp-image-3254\" srcset=\"https:\/\/www.dpg-goettingen.de\/wp-content\/uploads\/503451074_1180123057460874_3359162274120579744_n-1024x681.jpg 1024w, https:\/\/www.dpg-goettingen.de\/wp-content\/uploads\/503451074_1180123057460874_3359162274120579744_n-300x200.jpg 300w, https:\/\/www.dpg-goettingen.de\/wp-content\/uploads\/503451074_1180123057460874_3359162274120579744_n-768x511.jpg 768w, https:\/\/www.dpg-goettingen.de\/wp-content\/uploads\/503451074_1180123057460874_3359162274120579744_n-1536x1022.jpg 1536w, https:\/\/www.dpg-goettingen.de\/wp-content\/uploads\/503451074_1180123057460874_3359162274120579744_n.jpg 2048w\" sizes=\"(max-width: 1024px) 100vw, 1024px\" \/><\/figure>\n\n\n\n<figure class=\"wp-block-image size-large\"><img decoding=\"async\" loading=\"lazy\" width=\"1024\" height=\"723\" data-id=\"3248\"  src=\"https:\/\/www.dpg-goettingen.de\/wp-content\/uploads\/495368679_1063029279205015_1153415102507532444_n-1-1024x723.jpg\" alt=\"\" class=\"wp-image-3248\" srcset=\"https:\/\/www.dpg-goettingen.de\/wp-content\/uploads\/495368679_1063029279205015_1153415102507532444_n-1-1024x723.jpg 1024w, https:\/\/www.dpg-goettingen.de\/wp-content\/uploads\/495368679_1063029279205015_1153415102507532444_n-1-300x212.jpg 300w, https:\/\/www.dpg-goettingen.de\/wp-content\/uploads\/495368679_1063029279205015_1153415102507532444_n-1-768x543.jpg 768w, https:\/\/www.dpg-goettingen.de\/wp-content\/uploads\/495368679_1063029279205015_1153415102507532444_n-1-1536x1085.jpg 1536w, https:\/\/www.dpg-goettingen.de\/wp-content\/uploads\/495368679_1063029279205015_1153415102507532444_n-1.jpg 2000w\" sizes=\"(max-width: 1024px) 100vw, 1024px\" \/><\/figure>\n<\/figure>\n\n\n\n<p><\/p>\n\n\n\n<p>Dar\u00fcber hinaus durften wir im Fr\u00fchjahr an einer bewegenden Veranstaltung im Museum Friedland teilnehmen. Dort erinnerten Zeitzeugen an Flucht und Vertreibung vor 80 Jahren. Besonders eindr\u00fccklich war das Gespr\u00e4ch mit Edelgard Grothey, Martin Adloff und Gerd-Helmut Sch\u00e4fer \u00fcber ihre Kindheitserfahrungen. Vorher gab es eine F\u00fchrung durch die Ausstellung \u201eFluchtpunkt Friedland\u201c. Unsere stellvertretende Vorsitzende Klaudia Hanisch sprach in ihrem Gru\u00dfwort \u00fcber Empathie und Vertrauen als Grundlage f\u00fcr Verst\u00e4ndigung \u2013 damals wie heute. Wir gratulieren dem Museum Friedland herzlich zum 10-j\u00e4hrigen Bestehen und danken f\u00fcr seine wichtige Erinnerungsarbeit.<\/p>\n\n\n\n<figure class=\"wp-block-gallery has-nested-images columns-default is-cropped wp-block-gallery-11 is-layout-flex\">\n<figure class=\"wp-block-image size-large\"><img decoding=\"async\" loading=\"lazy\" width=\"1020\" height=\"768\" data-id=\"3257\"  src=\"https:\/\/www.dpg-goettingen.de\/wp-content\/uploads\/484854533_1025149752992968_6749846966673109076_n.jpg\" alt=\"\" class=\"wp-image-3257\" srcset=\"https:\/\/www.dpg-goettingen.de\/wp-content\/uploads\/484854533_1025149752992968_6749846966673109076_n.jpg 1020w, https:\/\/www.dpg-goettingen.de\/wp-content\/uploads\/484854533_1025149752992968_6749846966673109076_n-300x226.jpg 300w, https:\/\/www.dpg-goettingen.de\/wp-content\/uploads\/484854533_1025149752992968_6749846966673109076_n-768x578.jpg 768w\" sizes=\"(max-width: 1020px) 100vw, 1020px\" \/><\/figure>\n\n\n\n<figure class=\"wp-block-image size-large\"><img decoding=\"async\" loading=\"lazy\" width=\"1024\" height=\"768\" data-id=\"3259\"  src=\"https:\/\/www.dpg-goettingen.de\/wp-content\/uploads\/485736962_1025149712992972_3021700282483667096_n-1024x768.jpg\" alt=\"\" class=\"wp-image-3259\" srcset=\"https:\/\/www.dpg-goettingen.de\/wp-content\/uploads\/485736962_1025149712992972_3021700282483667096_n-1024x768.jpg 1024w, https:\/\/www.dpg-goettingen.de\/wp-content\/uploads\/485736962_1025149712992972_3021700282483667096_n-300x225.jpg 300w, https:\/\/www.dpg-goettingen.de\/wp-content\/uploads\/485736962_1025149712992972_3021700282483667096_n-768x576.jpg 768w, https:\/\/www.dpg-goettingen.de\/wp-content\/uploads\/485736962_1025149712992972_3021700282483667096_n.jpg 1280w\" sizes=\"(max-width: 1024px) 100vw, 1024px\" \/><\/figure>\n\n\n\n<figure class=\"wp-block-image size-large\"><img decoding=\"async\" loading=\"lazy\" width=\"1020\" height=\"768\" data-id=\"3258\"  src=\"https:\/\/www.dpg-goettingen.de\/wp-content\/uploads\/485683363_1025149682992975_1673256631688272779_n.jpg\" alt=\"\" class=\"wp-image-3258\" srcset=\"https:\/\/www.dpg-goettingen.de\/wp-content\/uploads\/485683363_1025149682992975_1673256631688272779_n.jpg 1020w, https:\/\/www.dpg-goettingen.de\/wp-content\/uploads\/485683363_1025149682992975_1673256631688272779_n-300x226.jpg 300w, https:\/\/www.dpg-goettingen.de\/wp-content\/uploads\/485683363_1025149682992975_1673256631688272779_n-768x578.jpg 768w\" sizes=\"(max-width: 1020px) 100vw, 1020px\" \/><\/figure>\n\n\n\n<figure class=\"wp-block-image size-large\"><img decoding=\"async\" loading=\"lazy\" width=\"1004\" height=\"666\" data-id=\"3256\"  src=\"https:\/\/www.dpg-goettingen.de\/wp-content\/uploads\/485307295_1025149652992978_2856274232267160634_n.jpg\" alt=\"\" class=\"wp-image-3256\" srcset=\"https:\/\/www.dpg-goettingen.de\/wp-content\/uploads\/485307295_1025149652992978_2856274232267160634_n.jpg 1004w, https:\/\/www.dpg-goettingen.de\/wp-content\/uploads\/485307295_1025149652992978_2856274232267160634_n-300x199.jpg 300w, https:\/\/www.dpg-goettingen.de\/wp-content\/uploads\/485307295_1025149652992978_2856274232267160634_n-768x509.jpg 768w\" sizes=\"(max-width: 1004px) 100vw, 1004px\" \/><\/figure>\n\n\n\n<figure class=\"wp-block-image size-large\"><img decoding=\"async\" loading=\"lazy\" width=\"736\" height=\"1000\" data-id=\"3255\"  src=\"https:\/\/www.dpg-goettingen.de\/wp-content\/uploads\/485717504_1025149619659648_2754645158259453098_n.jpg\" alt=\"\" class=\"wp-image-3255\" srcset=\"https:\/\/www.dpg-goettingen.de\/wp-content\/uploads\/485717504_1025149619659648_2754645158259453098_n.jpg 736w, https:\/\/www.dpg-goettingen.de\/wp-content\/uploads\/485717504_1025149619659648_2754645158259453098_n-221x300.jpg 221w\" sizes=\"(max-width: 736px) 100vw, 736px\" \/><\/figure>\n<\/figure>\n\n\n\n<p><\/p>\n\n\n\n<p><\/p>\n\n\n\n<p>Wir sind ganz stolz auf diese abwechslungsreiche erste Jahresh\u00e4lfte 2025. F\u00fcr das zweite Halbjahr planen wir bereits weitere Veranstaltungen, Lesungen und Gespr\u00e4chsrunden und freuen uns auf alle, die mit uns Br\u00fccken bauen wollen \u2013 zwischen G\u00f6ttingen und Toru\u0144, zwischen den Generationen, zwischen Deutschland, Polen und der Ukraine &#8211; f\u00fcr die Zukunft Europas.<\/p>\n\n\n\n<p>Mehr Informationen und aktuelle Termine gibt es jederzeit auf unserer Homepage, auf Facebook https:\/\/www.facebook.com\/DPGGoettingen und Instagram @dpg_goettingen. <\/p>\n\n\n\n<p>Um Mitglied zu werden, folge diesem Link:<\/p>\n\n\n\n<ul class=\"wp-block-social-links is-layout-flex\"><li class=\"wp-social-link wp-social-link-chain wp-block-social-link\"><a href=\"https:\/\/www.dpg-goettingen.de\/?p=1803\" class=\"wp-block-social-link-anchor\"><svg width=\"24\" height=\"24\" viewBox=\"0 0 24 24\" version=\"1.1\" xmlns=\"http:\/\/www.w3.org\/2000\/svg\" aria-hidden=\"true\" focusable=\"false\"><path d=\"M19.647,16.706a1.134,1.134,0,0,0-.343-.833l-2.549-2.549a1.134,1.134,0,0,0-.833-.343,1.168,1.168,0,0,0-.883.392l.233.226q.2.189.264.264a2.922,2.922,0,0,1,.184.233.986.986,0,0,1,.159.312,1.242,1.242,0,0,1,.043.337,1.172,1.172,0,0,1-1.176,1.176,1.237,1.237,0,0,1-.337-.043,1,1,0,0,1-.312-.159,2.76,2.76,0,0,1-.233-.184q-.073-.068-.264-.264l-.226-.233a1.19,1.19,0,0,0-.4.895,1.134,1.134,0,0,0,.343.833L15.837,19.3a1.13,1.13,0,0,0,.833.331,1.18,1.18,0,0,0,.833-.318l1.8-1.789a1.12,1.12,0,0,0,.343-.821Zm-8.615-8.64a1.134,1.134,0,0,0-.343-.833L8.163,4.7a1.134,1.134,0,0,0-.833-.343,1.184,1.184,0,0,0-.833.331L4.7,6.473a1.12,1.12,0,0,0-.343.821,1.134,1.134,0,0,0,.343.833l2.549,2.549a1.13,1.13,0,0,0,.833.331,1.184,1.184,0,0,0,.883-.38L8.728,10.4q-.2-.189-.264-.264A2.922,2.922,0,0,1,8.28,9.9a.986.986,0,0,1-.159-.312,1.242,1.242,0,0,1-.043-.337A1.172,1.172,0,0,1,9.254,8.079a1.237,1.237,0,0,1,.337.043,1,1,0,0,1,.312.159,2.761,2.761,0,0,1,.233.184q.073.068.264.264l.226.233a1.19,1.19,0,0,0,.4-.895ZM22,16.706a3.343,3.343,0,0,1-1.042,2.488l-1.8,1.789a3.536,3.536,0,0,1-4.988-.025l-2.525-2.537a3.384,3.384,0,0,1-1.017-2.488,3.448,3.448,0,0,1,1.078-2.561l-1.078-1.078a3.434,3.434,0,0,1-2.549,1.078,3.4,3.4,0,0,1-2.5-1.029L3.029,9.794A3.4,3.4,0,0,1,2,7.294,3.343,3.343,0,0,1,3.042,4.806l1.8-1.789A3.384,3.384,0,0,1,7.331,2a3.357,3.357,0,0,1,2.5,1.042l2.525,2.537a3.384,3.384,0,0,1,1.017,2.488,3.448,3.448,0,0,1-1.078,2.561l1.078,1.078a3.551,3.551,0,0,1,5.049-.049l2.549,2.549A3.4,3.4,0,0,1,22,16.706Z\"><\/path><\/svg><span class=\"wp-block-social-link-label screen-reader-text\">Link<\/span><\/a><\/li><\/ul>\n","protected":false},"excerpt":{"rendered":"<p>Die erste Jahresh\u00e4lfte 2025 war f\u00fcr uns eine Zeit intensiver Begegnungen, Diskussionen und gelebter Partnerschaft zwischen G\u00f6ttingen und Toru\u0144. Wir m\u00f6chten hier einen Einblick in&hellip;<\/p>\n","protected":false},"author":9,"featured_media":3282,"comment_status":"open","ping_status":"open","sticky":false,"template":"","format":"standard","meta":[],"categories":[1],"tags":[],"_links":{"self":[{"href":"https:\/\/www.dpg-goettingen.de\/index.php?rest_route=\/wp\/v2\/posts\/3241"}],"collection":[{"href":"https:\/\/www.dpg-goettingen.de\/index.php?rest_route=\/wp\/v2\/posts"}],"about":[{"href":"https:\/\/www.dpg-goettingen.de\/index.php?rest_route=\/wp\/v2\/types\/post"}],"author":[{"embeddable":true,"href":"https:\/\/www.dpg-goettingen.de\/index.php?rest_route=\/wp\/v2\/users\/9"}],"replies":[{"embeddable":true,"href":"https:\/\/www.dpg-goettingen.de\/index.php?rest_route=%2Fwp%2Fv2%2Fcomments&post=3241"}],"version-history":[{"count":6,"href":"https:\/\/www.dpg-goettingen.de\/index.php?rest_route=\/wp\/v2\/posts\/3241\/revisions"}],"predecessor-version":[{"id":3303,"href":"https:\/\/www.dpg-goettingen.de\/index.php?rest_route=\/wp\/v2\/posts\/3241\/revisions\/3303"}],"wp:featuredmedia":[{"embeddable":true,"href":"https:\/\/www.dpg-goettingen.de\/index.php?rest_route=\/wp\/v2\/media\/3282"}],"wp:attachment":[{"href":"https:\/\/www.dpg-goettingen.de\/index.php?rest_route=%2Fwp%2Fv2%2Fmedia&parent=3241"}],"wp:term":[{"taxonomy":"category","embeddable":true,"href":"https:\/\/www.dpg-goettingen.de\/index.php?rest_route=%2Fwp%2Fv2%2Fcategories&post=3241"},{"taxonomy":"post_tag","embeddable":true,"href":"https:\/\/www.dpg-goettingen.de\/index.php?rest_route=%2Fwp%2Fv2%2Ftags&post=3241"}],"curies":[{"name":"wp","href":"https:\/\/api.w.org\/{rel}","templated":true}]}}