{"id":3296,"date":"2025-07-13T17:37:45","date_gmt":"2025-07-13T16:37:45","guid":{"rendered":"https:\/\/www.dpg-goettingen.de\/?p=3296"},"modified":"2025-07-13T17:44:30","modified_gmt":"2025-07-13T16:44:30","slug":"unsere-position-in-der-presse-beitrag-in-der-hna","status":"publish","type":"post","link":"https:\/\/www.dpg-goettingen.de\/?p=3296","title":{"rendered":"Unsere Position in der Presse: Beitrag in der HNA"},"content":{"rendered":"\n<p><\/p>\n\n\n\n<p>Wir freuen uns sehr, dass die HNA unsere Einsch\u00e4tzung zur aktuellen Debatte \u00fcber station\u00e4re Grenzkontrollen und deren Folgen f\u00fcr den deutsch\u2011polnischen Dialog aufgegriffen hat. In dem Artikel <strong>\u201eGrenzkontrollen schaden dem gewachsenen Vertrauen\u201c<\/strong> vom 12.\u202fJuli\u202f2025 wird unser Vorstandsvorsitzender <strong>Harm\u202fAdam<\/strong> zu Wort gelassen, der die heftige Kritik deutlich formuliert:<\/p>\n\n\n\n<blockquote class=\"wp-block-quote\">\n<p><strong>\u201eDie seit Monaten von deutscher Seite durchgef\u00fchrten Kontrollen haben bereits zu erheblichen Belastungen in den Grenzregionen gef\u00fchrt und das gewachsene Vertrauen zwischen unseren L\u00e4ndern besch\u00e4digt.\u201c<\/strong> <\/p>\n<\/blockquote>\n\n\n\n<p>Er macht zudem deutlich, dass es keineswegs nur um logistische Nachteile gehe, sondern um die bew\u00e4hrte europ\u00e4ische Idee:<\/p>\n\n\n\n<blockquote class=\"wp-block-quote\">\n<p><strong>\u201eOffene Grenzen als eine der gr\u00f6\u00dften Errungenschaften der europ\u00e4ischen Einigung [d\u00fcrften] nicht leichtfertig aufs Spiel gesetzt werden.\u201c<\/strong> <\/p>\n<\/blockquote>\n\n\n\n<p>Harm\u202fAdam weist darauf hin, dass Grenzkontrollen zwar oft mit dem Anspruch auf Sicherheit begr\u00fcndet werden, in der freien Grenzregion an der deutsch\u2011polnischen Grenze aber \u201emassive Staus, wirtschaftliche Verluste, gesellschaftliche Spannungen\u201c verursacht und dazu gef\u00fchrt haben, dass \u201eSicherheitsressourcen verschwendet\u201c wurden. <\/p>\n\n\n\n<p>Es gehe auch darum, dem v\u00f6lkerrechtlich verankerten Schutzversprechen zu entsprechen, eine gerechtere Verteilung von Asylberechtigten und Schutzbed\u00fcrftigen zu erm\u00f6glichen und regul\u00e4re Migration, die aufgrund der demografischen Alterung in erheblichem Umfang gebraucht wird, gemeinsam im Sinne des europ\u00e4ischen Arbeitsmarkts zu steuern, betont Adam.<\/p>\n\n\n\n<p> Den gesamten Artikel der HNA finden Sie hier: <\/p>\n\n\n\n<ul class=\"wp-block-social-links is-layout-flex\"><li class=\"wp-social-link wp-social-link-chain wp-block-social-link\"><a href=\"https:\/\/www.hna.de\/lokales\/goettingen\/goettingen-ort28741\/harm-adam-von-der-deutsch-polnischen-gesellschaft-grenzkontrollen-schaden-dem-gewachsenen-vertrauen-93831125.html?fbclid=IwY2xjawLgv_FleHRuA2FlbQIxMAABHoODdy7muy1tuLcUk53Dg7MofYwEfX73io9FpsNWsh8seps-G1zXNYzU95Dy_aem_GIDVsl_xs7S2UNcVFWHWlg\" class=\"wp-block-social-link-anchor\"><svg width=\"24\" height=\"24\" viewBox=\"0 0 24 24\" version=\"1.1\" xmlns=\"http:\/\/www.w3.org\/2000\/svg\" aria-hidden=\"true\" focusable=\"false\"><path d=\"M19.647,16.706a1.134,1.134,0,0,0-.343-.833l-2.549-2.549a1.134,1.134,0,0,0-.833-.343,1.168,1.168,0,0,0-.883.392l.233.226q.2.189.264.264a2.922,2.922,0,0,1,.184.233.986.986,0,0,1,.159.312,1.242,1.242,0,0,1,.043.337,1.172,1.172,0,0,1-1.176,1.176,1.237,1.237,0,0,1-.337-.043,1,1,0,0,1-.312-.159,2.76,2.76,0,0,1-.233-.184q-.073-.068-.264-.264l-.226-.233a1.19,1.19,0,0,0-.4.895,1.134,1.134,0,0,0,.343.833L15.837,19.3a1.13,1.13,0,0,0,.833.331,1.18,1.18,0,0,0,.833-.318l1.8-1.789a1.12,1.12,0,0,0,.343-.821Zm-8.615-8.64a1.134,1.134,0,0,0-.343-.833L8.163,4.7a1.134,1.134,0,0,0-.833-.343,1.184,1.184,0,0,0-.833.331L4.7,6.473a1.12,1.12,0,0,0-.343.821,1.134,1.134,0,0,0,.343.833l2.549,2.549a1.13,1.13,0,0,0,.833.331,1.184,1.184,0,0,0,.883-.38L8.728,10.4q-.2-.189-.264-.264A2.922,2.922,0,0,1,8.28,9.9a.986.986,0,0,1-.159-.312,1.242,1.242,0,0,1-.043-.337A1.172,1.172,0,0,1,9.254,8.079a1.237,1.237,0,0,1,.337.043,1,1,0,0,1,.312.159,2.761,2.761,0,0,1,.233.184q.073.068.264.264l.226.233a1.19,1.19,0,0,0,.4-.895ZM22,16.706a3.343,3.343,0,0,1-1.042,2.488l-1.8,1.789a3.536,3.536,0,0,1-4.988-.025l-2.525-2.537a3.384,3.384,0,0,1-1.017-2.488,3.448,3.448,0,0,1,1.078-2.561l-1.078-1.078a3.434,3.434,0,0,1-2.549,1.078,3.4,3.4,0,0,1-2.5-1.029L3.029,9.794A3.4,3.4,0,0,1,2,7.294,3.343,3.343,0,0,1,3.042,4.806l1.8-1.789A3.384,3.384,0,0,1,7.331,2a3.357,3.357,0,0,1,2.5,1.042l2.525,2.537a3.384,3.384,0,0,1,1.017,2.488,3.448,3.448,0,0,1-1.078,2.561l1.078,1.078a3.551,3.551,0,0,1,5.049-.049l2.549,2.549A3.4,3.4,0,0,1,22,16.706Z\"><\/path><\/svg><span class=\"wp-block-social-link-label screen-reader-text\">Link<\/span><\/a><\/li><\/ul>\n\n\n\n<p><strong>Dar\u00fcber hinaus hat auf Initiative von Harm Adam am 7.\u202fJuni\u202f2025 auch der Bundesverband der Deutsch-Polnischen Gesellschaften eine Pressemitteilung zu diesem Thema ver\u00f6ffentlicht.<\/strong> Gemeinsam wird darin betont, wie wichtig es ist, grenz\u00fcberschreitendes Vertrauen zu sch\u00fctzen und europ\u00e4ische L\u00f6sungen statt nationaler Alleing\u00e4nge zu finden.<\/p>\n\n\n\n<p>Die Pressemitteilung des Bundesverbands finden Sie hier:<\/p>\n\n\n\n<ul class=\"wp-block-social-links is-layout-flex\"><li class=\"wp-social-link wp-social-link-chain wp-block-social-link\"><a href=\"https:\/\/dpg-bundesverband.de\/2025\/07\/07\/pressemitteilung-6\/\" class=\"wp-block-social-link-anchor\"><svg width=\"24\" height=\"24\" viewBox=\"0 0 24 24\" version=\"1.1\" xmlns=\"http:\/\/www.w3.org\/2000\/svg\" aria-hidden=\"true\" focusable=\"false\"><path d=\"M19.647,16.706a1.134,1.134,0,0,0-.343-.833l-2.549-2.549a1.134,1.134,0,0,0-.833-.343,1.168,1.168,0,0,0-.883.392l.233.226q.2.189.264.264a2.922,2.922,0,0,1,.184.233.986.986,0,0,1,.159.312,1.242,1.242,0,0,1,.043.337,1.172,1.172,0,0,1-1.176,1.176,1.237,1.237,0,0,1-.337-.043,1,1,0,0,1-.312-.159,2.76,2.76,0,0,1-.233-.184q-.073-.068-.264-.264l-.226-.233a1.19,1.19,0,0,0-.4.895,1.134,1.134,0,0,0,.343.833L15.837,19.3a1.13,1.13,0,0,0,.833.331,1.18,1.18,0,0,0,.833-.318l1.8-1.789a1.12,1.12,0,0,0,.343-.821Zm-8.615-8.64a1.134,1.134,0,0,0-.343-.833L8.163,4.7a1.134,1.134,0,0,0-.833-.343,1.184,1.184,0,0,0-.833.331L4.7,6.473a1.12,1.12,0,0,0-.343.821,1.134,1.134,0,0,0,.343.833l2.549,2.549a1.13,1.13,0,0,0,.833.331,1.184,1.184,0,0,0,.883-.38L8.728,10.4q-.2-.189-.264-.264A2.922,2.922,0,0,1,8.28,9.9a.986.986,0,0,1-.159-.312,1.242,1.242,0,0,1-.043-.337A1.172,1.172,0,0,1,9.254,8.079a1.237,1.237,0,0,1,.337.043,1,1,0,0,1,.312.159,2.761,2.761,0,0,1,.233.184q.073.068.264.264l.226.233a1.19,1.19,0,0,0,.4-.895ZM22,16.706a3.343,3.343,0,0,1-1.042,2.488l-1.8,1.789a3.536,3.536,0,0,1-4.988-.025l-2.525-2.537a3.384,3.384,0,0,1-1.017-2.488,3.448,3.448,0,0,1,1.078-2.561l-1.078-1.078a3.434,3.434,0,0,1-2.549,1.078,3.4,3.4,0,0,1-2.5-1.029L3.029,9.794A3.4,3.4,0,0,1,2,7.294,3.343,3.343,0,0,1,3.042,4.806l1.8-1.789A3.384,3.384,0,0,1,7.331,2a3.357,3.357,0,0,1,2.5,1.042l2.525,2.537a3.384,3.384,0,0,1,1.017,2.488,3.448,3.448,0,0,1-1.078,2.561l1.078,1.078a3.551,3.551,0,0,1,5.049-.049l2.549,2.549A3.4,3.4,0,0,1,22,16.706Z\"><\/path><\/svg><span class=\"wp-block-social-link-label screen-reader-text\">Link<\/span><\/a><\/li><\/ul>\n\n\n\n<p>Wir verstehen dies als Auftrag: In der \u00f6ffentlichen Debatte setzen wir uns weiterhin daf\u00fcr ein, dass Sicherheit und offenen Binnengrenzen nicht gegeneinander ausgespielt werden, sondern <strong>gemeinsam und im Geist europ\u00e4ischer Solidarit\u00e4t gedacht und umgesetzt<\/strong> werden.<\/p>\n","protected":false},"excerpt":{"rendered":"<p>Wir freuen uns sehr, dass die HNA unsere Einsch\u00e4tzung zur aktuellen Debatte \u00fcber station\u00e4re Grenzkontrollen und deren Folgen f\u00fcr den deutsch\u2011polnischen Dialog aufgegriffen hat. In&hellip;<\/p>\n","protected":false},"author":9,"featured_media":3298,"comment_status":"open","ping_status":"open","sticky":false,"template":"","format":"standard","meta":[],"categories":[1],"tags":[],"_links":{"self":[{"href":"https:\/\/www.dpg-goettingen.de\/index.php?rest_route=\/wp\/v2\/posts\/3296"}],"collection":[{"href":"https:\/\/www.dpg-goettingen.de\/index.php?rest_route=\/wp\/v2\/posts"}],"about":[{"href":"https:\/\/www.dpg-goettingen.de\/index.php?rest_route=\/wp\/v2\/types\/post"}],"author":[{"embeddable":true,"href":"https:\/\/www.dpg-goettingen.de\/index.php?rest_route=\/wp\/v2\/users\/9"}],"replies":[{"embeddable":true,"href":"https:\/\/www.dpg-goettingen.de\/index.php?rest_route=%2Fwp%2Fv2%2Fcomments&post=3296"}],"version-history":[{"count":2,"href":"https:\/\/www.dpg-goettingen.de\/index.php?rest_route=\/wp\/v2\/posts\/3296\/revisions"}],"predecessor-version":[{"id":3301,"href":"https:\/\/www.dpg-goettingen.de\/index.php?rest_route=\/wp\/v2\/posts\/3296\/revisions\/3301"}],"wp:featuredmedia":[{"embeddable":true,"href":"https:\/\/www.dpg-goettingen.de\/index.php?rest_route=\/wp\/v2\/media\/3298"}],"wp:attachment":[{"href":"https:\/\/www.dpg-goettingen.de\/index.php?rest_route=%2Fwp%2Fv2%2Fmedia&parent=3296"}],"wp:term":[{"taxonomy":"category","embeddable":true,"href":"https:\/\/www.dpg-goettingen.de\/index.php?rest_route=%2Fwp%2Fv2%2Fcategories&post=3296"},{"taxonomy":"post_tag","embeddable":true,"href":"https:\/\/www.dpg-goettingen.de\/index.php?rest_route=%2Fwp%2Fv2%2Ftags&post=3296"}],"curies":[{"name":"wp","href":"https:\/\/api.w.org\/{rel}","templated":true}]}}